{"id":201,"date":"2024-12-10T12:38:13","date_gmt":"2024-12-10T11:38:13","guid":{"rendered":"http:\/\/localhost\/mdi_w\/?p=201"},"modified":"2025-07-01T15:39:15","modified_gmt":"2025-07-01T13:39:15","slug":"materiel-de-table-en-plastique","status":"publish","type":"post","link":"https:\/\/api-lux.be\/index.php\/2024\/12\/10\/materiel-de-table-en-plastique\/","title":{"rendered":"Mat\u00e9riel de table en plastique"},"content":{"rendered":"\n<div class=\"wp-block-columns is-layout-flex wp-container-core-columns-is-layout-9d6595d7 wp-block-columns-is-layout-flex\">\n<div class=\"wp-block-column is-vertically-aligned-center is-layout-flow wp-block-column-is-layout-flow\"><div class=\"wp-block-image\">\n<figure class=\"aligncenter size-full\"><img loading=\"lazy\" decoding=\"async\" width=\"612\" height=\"408\" src=\"https:\/\/api-lux.be\/wp-content\/uploads\/2024\/12\/Materiel_de_table_en_plastique.jpg\" alt=\"\" class=\"wp-image-202\" srcset=\"https:\/\/api-lux.be\/wp-content\/uploads\/2024\/12\/Materiel_de_table_en_plastique.jpg 612w, https:\/\/api-lux.be\/wp-content\/uploads\/2024\/12\/Materiel_de_table_en_plastique-300x200.jpg 300w\" sizes=\"auto, (max-width: 612px) 100vw, 612px\" \/><\/figure>\n<\/div><\/div>\n\n\n\n<div class=\"wp-block-column is-layout-flow wp-block-column-is-layout-flow\">\n<p>\ud83d\udee0\ufe0f <strong>Am\u00e9nagement<\/strong> &#8211; Des ustensiles en plastique s\u00e9curis\u00e9s pour rendre les repas plus accessibles et apaisants.<\/p>\n\n\n\n<!--more-->\n\n\n\n<h2 class=\"wp-block-heading\">\u00c2ge cible<\/h2>\n\n\n\n<p>Jeune de <strong>1 \u00e0 12 ans<\/strong>, mais peut \u00eatre utile jusqu\u2019\u00e0 18 ans selon les besoins.<\/p>\n<\/div>\n<\/div>\n\n\n\n<div class=\"wp-block-columns is-layout-flex wp-container-core-columns-is-layout-9d6595d7 wp-block-columns-is-layout-flex\">\n<div class=\"wp-block-column is-layout-flow wp-block-column-is-layout-flow\">\n<h2 class=\"wp-block-heading\">Descriptif de l&rsquo;outil<\/h2>\n\n\n\n<p>\ud83c\udf7d\ufe0f <strong>Le mat\u00e9riel de table en plastique<\/strong> (assiettes, couverts, verres) est con\u00e7u pour \u00eatre l\u00e9ger, incassable et facile \u00e0 manier, ce qui le rend id\u00e9al pour des jeunes ayant des <strong>difficult\u00e9s de concentration<\/strong> ou des gestes impulsifs \u26a1.<\/p>\n\n\n\n<p>\ud83c\udfeb Utilis\u00e9 dans les espaces de vie comme les <strong>\u00e9coles<\/strong> ou les activit\u00e9s de loisirs, ce mat\u00e9riel permet de r\u00e9duire les risques d\u2019accidents (casse, blessures) et de cr\u00e9er un <strong>environnement plus s\u00fbr<\/strong> lors des repas.<\/p>\n\n\n\n<p>\ud83e\udd44 Le mat\u00e9riel en plastique peut \u00eatre color\u00e9, textur\u00e9 ou ergonomique, facilitant ainsi <strong>l\u2019autonomie des jeunes<\/strong> dans la prise de repas.<\/p>\n\n\n\n<p>\ud83d\udecd\ufe0f <strong>O\u00f9 s\u2019en procurer ?<\/strong><br>\ud83d\udc49 Dans des magasins sp\u00e9cialis\u00e9s en articles pour enfants, en mat\u00e9riel p\u00e9dagogique ou <strong>en ligne<\/strong> \ud83d\udcbb.<\/p>\n<\/div>\n<\/div>\n\n\n\n<div class=\"wp-block-columns is-layout-flex wp-container-core-columns-is-layout-9d6595d7 wp-block-columns-is-layout-flex\">\n<div class=\"wp-block-column is-layout-flow wp-block-column-is-layout-flow\">\n<h2 class=\"wp-block-heading\">Objectifs d&rsquo;utilisation<\/h2>\n\n\n\n<p>\ud83c\udf7d\ufe0f <strong>Rendre les moments de repas plus accessibles et s\u00e9curis\u00e9s<\/strong> en r\u00e9duisant le <strong>stress<\/strong> li\u00e9 \u00e0 la manipulation des ustensiles.<\/p>\n\n\n\n<p>\ud83c\udfe1 <strong>Cr\u00e9er un cadre rassurant<\/strong> o\u00f9 l\u2019enfant se sent <strong>capable de manger seul<\/strong> sans risquer de <strong>casser<\/strong> ou de <strong>renverser<\/strong>.<\/p>\n\n\n\n<p>\ud83d\udcaa <strong>Renforcer l&rsquo;autonomie<\/strong>, la <strong>confiance en soi<\/strong> et le <strong>plaisir<\/strong> de participer aux repas en toute s\u00e9r\u00e9nit\u00e9.<\/p>\n\n\n\n<p>\ud83c\udfaf <strong>Favoriser la concentration<\/strong> gr\u00e2ce \u00e0 l\u2019<strong>ergonomie<\/strong> du mat\u00e9riel, permettant aux jeunes de mieux se focaliser sur <strong>l\u2019acte de manger<\/strong> plut\u00f4t que sur la <strong>gestion des objets<\/strong>.<\/p>\n<\/div>\n\n\n\n<div class=\"wp-block-column is-layout-flow wp-block-column-is-layout-flow\">\n<h2 class=\"wp-block-heading\">Variantes &#8211; am\u00e9nagements<\/h2>\n\n\n\n<p>\ud83c\udf7d\ufe0f <strong>Utiliser des assiettes avec rebords<\/strong> pour \u00e9viter les <strong>d\u00e9bordements<\/strong>.<\/p>\n\n\n\n<p>\ud83e\udd44 <strong>Proposer des couverts ergonomiques<\/strong> pour faciliter la <strong>prise en main<\/strong>.<\/p>\n\n\n\n<p>\ud83c\udfa8 <strong>Introduire des sets de table color\u00e9s<\/strong> pour aider \u00e0 <strong>organiser les ustensiles<\/strong> de mani\u00e8re <strong>claire<\/strong>.<\/p>\n\n\n\n<p>\ud83e\udd5b <strong>Utiliser des verres avec poign\u00e9es<\/strong> pour une <strong>meilleure stabilit\u00e9<\/strong> lors de la boisson.<\/p>\n<\/div>\n<\/div>\n\n\n\n<div class=\"wp-block-columns is-layout-flex wp-container-core-columns-is-layout-9d6595d7 wp-block-columns-is-layout-flex\">\n<div class=\"wp-block-column is-layout-flow wp-block-column-is-layout-flow\">\n<h2 class=\"wp-block-heading\">Liens utiles<\/h2>\n\n\n\n<p>\ud83d\udecd\ufe0f <strong>SITE DE VENTE<\/strong> &#8211; Exemple de mat\u00e9riel: <a href=\"https:\/\/www.hoptoys.fr\/aides-au-repas-c-872.html\" target=\"_blank\" rel=\"noreferrer noopener\">Aides au repas \u2013 Hop&rsquo;Toys<\/a><br>Une s\u00e9lection de couverts ergonomiques, assiettes antid\u00e9rapantes et accessoires adapt\u00e9s pour favoriser l\u2019autonomie des enfants et des personnes en situation de handicap lors des repas.<\/p>\n\n\n\n<p>\ud83d\udecd\ufe0f <strong>SITE DE VENTE<\/strong> &#8211; Exemple de mat\u00e9riel: <a href=\"https:\/\/www.materiel-handicap.fr\/20-cuisine\" target=\"_blank\" rel=\"noreferrer noopener\">Aides \u00e0 la cuisine \u2013 Materiel-Handicap.fr<\/a><br>Une s\u00e9lection d&rsquo;ustensiles et d&rsquo;accessoires ergonomiques pour faciliter la pr\u00e9paration et la prise des repas, favorisant ainsi l&rsquo;autonomie des personnes en situation de handicap.<\/p>\n\n\n\n<p><em>Les liens vers les sites propos\u00e9s sont fournis \u00e0 titre indicatif et ne constituent en aucun cas une recommandation publicitaire. De nombreux mat\u00e9riaux et \u00e9quipements similaires peuvent \u00eatre trouv\u00e9s dans les magasins de proximit\u00e9 et les enseignes discount.<\/em><\/p>\n<\/div>\n<\/div>\n\n\n\n<p>Des outils \u00e0 nous partager ?&nbsp;<a href=\"https:\/\/api-lux.be\/index.php\/contact\/\">Cliquez ici<\/a><\/p>\n","protected":false},"excerpt":{"rendered":"<p>\ud83d\udee0\ufe0f Am\u00e9nagement &#8211; Des ustensiles en plastique s\u00e9curis\u00e9s pour rendre les repas plus accessibles et apaisants.<\/p>\n","protected":false},"author":6,"featured_media":0,"comment_status":"closed","ping_status":"closed","sticky":false,"template":"","format":"standard","meta":{"iawp_total_views":2,"footnotes":""},"categories":[10,28,4,22,27,18,9,5,46,48,49,47,20,25,6,21],"tags":[],"class_list":["post-201","post","type-post","status-publish","format-standard","hentry","category-amenagement-environnement","category-autonomie-et-responsabilisation","category-besoins","category-besoins-cognitifs","category-besoins-daccomplissement","category-besoins-destime","category-besoins-de-securite","category-besoins-physiologiques","category-fiches-outils","category-fiches-outils-pour-les-aidants-proches","category-fiches-outils-pour-les-jeunes","category-fiches-outils-pour-les-professionnels","category-individualisation","category-materiel-specifique","category-sante-alimentation-sommeil-hygiene","category-valorisation-confiance"],"_links":{"self":[{"href":"https:\/\/api-lux.be\/index.php\/wp-json\/wp\/v2\/posts\/201","targetHints":{"allow":["GET"]}}],"collection":[{"href":"https:\/\/api-lux.be\/index.php\/wp-json\/wp\/v2\/posts"}],"about":[{"href":"https:\/\/api-lux.be\/index.php\/wp-json\/wp\/v2\/types\/post"}],"author":[{"embeddable":true,"href":"https:\/\/api-lux.be\/index.php\/wp-json\/wp\/v2\/users\/6"}],"replies":[{"embeddable":true,"href":"https:\/\/api-lux.be\/index.php\/wp-json\/wp\/v2\/comments?post=201"}],"version-history":[{"count":17,"href":"https:\/\/api-lux.be\/index.php\/wp-json\/wp\/v2\/posts\/201\/revisions"}],"predecessor-version":[{"id":7881,"href":"https:\/\/api-lux.be\/index.php\/wp-json\/wp\/v2\/posts\/201\/revisions\/7881"}],"wp:attachment":[{"href":"https:\/\/api-lux.be\/index.php\/wp-json\/wp\/v2\/media?parent=201"}],"wp:term":[{"taxonomy":"category","embeddable":true,"href":"https:\/\/api-lux.be\/index.php\/wp-json\/wp\/v2\/categories?post=201"},{"taxonomy":"post_tag","embeddable":true,"href":"https:\/\/api-lux.be\/index.php\/wp-json\/wp\/v2\/tags?post=201"}],"curies":[{"name":"wp","href":"https:\/\/api.w.org\/{rel}","templated":true}]}}