{"id":1889,"date":"2025-03-13T12:38:30","date_gmt":"2025-03-13T11:38:30","guid":{"rendered":"https:\/\/api-lux.be\/?p=1889"},"modified":"2025-07-01T13:23:59","modified_gmt":"2025-07-01T11:23:59","slug":"transposer-des-strategies-gagnantes-modelisation","status":"publish","type":"post","link":"https:\/\/api-lux.be\/index.php\/2025\/03\/13\/transposer-des-strategies-gagnantes-modelisation\/","title":{"rendered":"Transposer des strat\u00e9gies gagnantes (mod\u00e9lisation)"},"content":{"rendered":"\n<div class=\"wp-block-columns is-layout-flex wp-container-core-columns-is-layout-9d6595d7 wp-block-columns-is-layout-flex\">\n<div class=\"wp-block-column is-layout-flow wp-block-column-is-layout-flow\">\n<figure class=\"wp-block-image size-full is-resized\"><img loading=\"lazy\" decoding=\"async\" width=\"318\" height=\"159\" src=\"https:\/\/api-lux.be\/wp-content\/uploads\/2025\/02\/images.jpeg\" alt=\"\" class=\"wp-image-1890\" style=\"width:402px;height:auto\" srcset=\"https:\/\/api-lux.be\/wp-content\/uploads\/2025\/02\/images.jpeg 318w, https:\/\/api-lux.be\/wp-content\/uploads\/2025\/02\/images-300x150.jpeg 300w\" sizes=\"auto, (max-width: 318px) 100vw, 318px\" \/><\/figure>\n<\/div>\n\n\n\n<div class=\"wp-block-column is-layout-flow wp-block-column-is-layout-flow\">\n<p>\ud83d\udd17 <strong>Accordage et coh\u00e9rence entre professionnels<\/strong> &#8211; Favoriser l&rsquo;apprentissage par le partage d&rsquo;exp\u00e9riences et la mod\u00e9lisation<\/p>\n\n\n\n<!--more-->\n\n\n\n<h2 class=\"wp-block-heading\">Public cible<\/h2>\n\n\n\n<p>Tout public.<\/p>\n<\/div>\n<\/div>\n\n\n\n<h2 class=\"wp-block-heading\">Descriptif de l&rsquo;outil<\/h2>\n\n\n\n<p>\u270f\ufe0f Cette m\u00e9thode s\u2019appuie sur <strong>le partage d\u2019exp\u00e9riences concr\u00e8tes et la mod\u00e9lisation de comportements efficaces<\/strong> dans diff\u00e9rents environnements (\u00e9cole, loisirs, famille). <br>L\u2019objectif : que chacun puisse s\u2019inspirer des bonnes pratiques v\u00e9cues par les autres et les reproduire dans son propre contexte.<\/p>\n\n\n\n<p>\ud83e\udde0 <strong>Exemples concrets :<\/strong><\/p>\n\n\n\n<ul class=\"wp-block-list\">\n<li><strong>Entre professionnels :<\/strong><br>Un \u00e9ducateur partage un outil qu\u2019il utilise pour aider un jeune \u00e0 g\u00e9rer ses \u00e9motions \u00e0 l\u2019\u00e9cole. <br>Cet outil peut \u00eatre repris en centre de loisirs ou \u00e0 domicile, assurant ainsi une <strong>continuit\u00e9 \u00e9ducative et une coh\u00e9rence<\/strong> entre les milieux de vie du jeune.<\/li>\n\n\n\n<li><strong>De paire \u00e0 paire (entre jeunes) :<\/strong><br>Organiser des ateliers o\u00f9 les jeunes \u00e9changent sur des exp\u00e9riences v\u00e9cues : gestion des conflits, respect des r\u00e8gles, entraide\u2026<\/li>\n\n\n\n<li><strong>Entre familles :<\/strong><br>Proposer des <strong>groupes de parole parents<\/strong> o\u00f9 chacun partage ses astuces \u00e9ducatives et pratiques du quotidien.<\/li>\n<\/ul>\n\n\n\n<p>\u2757 <strong>Points d\u2019attention :<\/strong><\/p>\n\n\n\n<ul class=\"wp-block-list\">\n<li>Veiller \u00e0 ce que les exp\u00e9riences partag\u00e9es soient <strong>adapt\u00e9es au public<\/strong> et aux r\u00e9alit\u00e9s du terrain.<\/li>\n\n\n\n<li><strong>\u00c9viter les mod\u00e8les uniques<\/strong> ou prescriptions rigides.<\/li>\n\n\n\n<li>Valoriser la diversit\u00e9 des pratiques et favoriser leur <strong>reproductibilit\u00e9<\/strong> en les contextualisant.<\/li>\n<\/ul>\n\n\n\n<div class=\"wp-block-columns is-layout-flex wp-container-core-columns-is-layout-9d6595d7 wp-block-columns-is-layout-flex\">\n<div class=\"wp-block-column is-layout-flow wp-block-column-is-layout-flow\">\n<h2 class=\"wp-block-heading\">Objectif(s) d&rsquo;utilisation<\/h2>\n\n\n\n<p>\ud83e\udde9 <strong>D\u00e9velopper l\u2019autonomie<\/strong> : Apprendre \u00e0 s\u2019inspirer des autres pour exp\u00e9rimenter de nouvelles strat\u00e9gies.<\/p>\n\n\n\n<p>\ud83e\udd1d <strong>Renforcer la responsabilisation<\/strong> : Encourager le partage de pratiques, de mani\u00e8re bienveillante et constructive.<\/p>\n\n\n\n<p>\ud83d\udc65 <strong>Soutenir la sociabilisation<\/strong> : Cr\u00e9er du lien \u00e0 travers le r\u00e9cit d\u2019exp\u00e9riences v\u00e9cues et de r\u00e9ussites collectives.<\/p>\n\n\n\n<p>\ud83d\udcda <strong>Faciliter les apprentissages<\/strong> : Acqu\u00e9rir des comp\u00e9tences et des savoir-faire en observant et en mod\u00e9lisant des situations concr\u00e8tes.<\/p>\n\n\n\n<p>\ud83c\udfaf <strong>Renforcer la coh\u00e9rence \u00e9ducative<\/strong> : Favoriser la circulation et l\u2019harmonisation des bonnes pratiques entre les diff\u00e9rents acteurs gravitant autour du jeune.<\/p>\n\n\n\n<p>\ud83c\udf1f <strong>Valoriser les r\u00e9ussites<\/strong> : Mettre en avant ce qui fonctionne et en faire des sources d\u2019inspiration collectives.<\/p>\n<\/div>\n\n\n\n<div class=\"wp-block-column is-layout-flow wp-block-column-is-layout-flow\">\n<h2 class=\"wp-block-heading\">Variantes &#8211; am\u00e9nagement<\/h2>\n\n\n\n<p>\ud83e\udde9 <strong>Jeux de r\u00f4le<\/strong> pour mod\u00e9liser des comportements positifs avec les enfants.<\/p>\n\n\n\n<p>\ud83d\udd04 <strong>Formations interactives<\/strong> pour adultes bas\u00e9es sur des \u00e9tudes de cas et retours d\u2019exp\u00e9riences.<\/p>\n\n\n\n<p>\ud83d\udcc5 <strong>Immersions crois\u00e9es<\/strong> entre milieux \u00e9ducatifs, associatifs et familiaux pour \u00e9largir les sources d\u2019inspiration (ex. <a href=\"https:\/\/matilda-lux.be\/immersion-0-23\/\" target=\"_blank\" rel=\"noreferrer noopener\">Immersion Matilda 0-23 ans<\/a>).<\/p>\n\n\n\n<p>\ud83d\udc65 <strong>Bin\u00f4mes ou petits groupes<\/strong> o\u00f9 chacun partage une r\u00e9ussite \u00e9ducative personnelle.<\/p>\n\n\n\n<p>\ud83c\udfa8 <strong>Mur des r\u00e9ussites<\/strong> : afficher dans l\u2019\u00e9tablissement ou le groupe des exemples de pratiques efficaces, v\u00e9cues et racont\u00e9es par les participants.<\/p>\n<\/div>\n<\/div>\n\n\n\n<p>Des outils \u00e0 nous partager ? <a href=\"https:\/\/api-lux.be\/index.php\/contact\/\">Cliquez ici<\/a><\/p>\n","protected":false},"excerpt":{"rendered":"<p>\ud83d\udd17 Accordage et coh\u00e9rence entre professionnels &#8211; Favoriser l&rsquo;apprentissage par le partage d&rsquo;exp\u00e9riences et la mod\u00e9lisation<\/p>\n","protected":false},"author":2,"featured_media":0,"comment_status":"closed","ping_status":"closed","sticky":false,"template":"","format":"standard","meta":{"iawp_total_views":5,"footnotes":""},"categories":[24,28,4,22,27,18,9,13,23,46,48,47,20,21],"tags":[],"class_list":["post-1889","post","type-post","status-publish","format-standard","hentry","category-adaptation-des-apprentissages","category-autonomie-et-responsabilisation","category-besoins","category-besoins-cognitifs","category-besoins-daccomplissement","category-besoins-destime","category-besoins-de-securite","category-coherence","category-communication","category-fiches-outils","category-fiches-outils-pour-les-aidants-proches","category-fiches-outils-pour-les-professionnels","category-individualisation","category-valorisation-confiance"],"_links":{"self":[{"href":"https:\/\/api-lux.be\/index.php\/wp-json\/wp\/v2\/posts\/1889","targetHints":{"allow":["GET"]}}],"collection":[{"href":"https:\/\/api-lux.be\/index.php\/wp-json\/wp\/v2\/posts"}],"about":[{"href":"https:\/\/api-lux.be\/index.php\/wp-json\/wp\/v2\/types\/post"}],"author":[{"embeddable":true,"href":"https:\/\/api-lux.be\/index.php\/wp-json\/wp\/v2\/users\/2"}],"replies":[{"embeddable":true,"href":"https:\/\/api-lux.be\/index.php\/wp-json\/wp\/v2\/comments?post=1889"}],"version-history":[{"count":8,"href":"https:\/\/api-lux.be\/index.php\/wp-json\/wp\/v2\/posts\/1889\/revisions"}],"predecessor-version":[{"id":7661,"href":"https:\/\/api-lux.be\/index.php\/wp-json\/wp\/v2\/posts\/1889\/revisions\/7661"}],"wp:attachment":[{"href":"https:\/\/api-lux.be\/index.php\/wp-json\/wp\/v2\/media?parent=1889"}],"wp:term":[{"taxonomy":"category","embeddable":true,"href":"https:\/\/api-lux.be\/index.php\/wp-json\/wp\/v2\/categories?post=1889"},{"taxonomy":"post_tag","embeddable":true,"href":"https:\/\/api-lux.be\/index.php\/wp-json\/wp\/v2\/tags?post=1889"}],"curies":[{"name":"wp","href":"https:\/\/api.w.org\/{rel}","templated":true}]}}