{"id":1886,"date":"2025-03-13T13:11:36","date_gmt":"2025-03-13T12:11:36","guid":{"rendered":"https:\/\/api-lux.be\/?p=1886"},"modified":"2025-07-01T13:23:29","modified_gmt":"2025-07-01T11:23:29","slug":"accordage-dequipe-et-coherence","status":"publish","type":"post","link":"https:\/\/api-lux.be\/index.php\/2025\/03\/13\/accordage-dequipe-et-coherence\/","title":{"rendered":"Accordage d&rsquo;\u00e9quipe et coh\u00e9rence"},"content":{"rendered":"\n<div class=\"wp-block-columns is-layout-flex wp-container-core-columns-is-layout-9d6595d7 wp-block-columns-is-layout-flex\">\n<div class=\"wp-block-column is-layout-flow wp-block-column-is-layout-flow\">\n<figure class=\"wp-block-image size-full\"><img loading=\"lazy\" decoding=\"async\" width=\"626\" height=\"397\" src=\"https:\/\/api-lux.be\/wp-content\/uploads\/2025\/02\/soutenir-confiance-collaboration-gens-affaires-s-entasser-mains-dans-accord-partenariat-dans-bureau-travail-equipe-celebrer-croissance-diversite-entreprise_590464-82223.avif\" alt=\"\" class=\"wp-image-1887\" srcset=\"https:\/\/api-lux.be\/wp-content\/uploads\/2025\/02\/soutenir-confiance-collaboration-gens-affaires-s-entasser-mains-dans-accord-partenariat-dans-bureau-travail-equipe-celebrer-croissance-diversite-entreprise_590464-82223.avif 626w, https:\/\/api-lux.be\/wp-content\/uploads\/2025\/02\/soutenir-confiance-collaboration-gens-affaires-s-entasser-mains-dans-accord-partenariat-dans-bureau-travail-equipe-celebrer-croissance-diversite-entreprise_590464-82223-300x190.avif 300w\" sizes=\"auto, (max-width: 626px) 100vw, 626px\" \/><\/figure>\n<\/div>\n\n\n\n<div class=\"wp-block-column is-layout-flow wp-block-column-is-layout-flow\">\n<p>\ud83d\udd17 <strong>Accordage et coh\u00e9rence entre professionnels<\/strong> &#8211; Cr\u00e9er et renforcer un model \u00e9ducatif commun<\/p>\n\n\n\n<!--more-->\n\n\n\n<h2 class=\"wp-block-heading\">\u00c2ge cible<\/h2>\n\n\n\n<p>De 0 \u00e0 21 ans.<\/p>\n<\/div>\n<\/div>\n\n\n\n<h2 class=\"wp-block-heading\">Descriptif de l&rsquo;outil<\/h2>\n\n\n\n<p>Un cadre \u00e9ducatif <strong>coh\u00e9rent et stable<\/strong> \ud83c\udff0 est essentiel pour garantir un environnement s\u00e9curisant et pr\u00e9visible pour les jeunes. L\u2019\u00e9quipe \u00e9ducative doit agir de mani\u00e8re <strong>coordonn\u00e9e<\/strong>, sans cr\u00e9er de <strong>contradictions<\/strong> ou de <strong>confusions<\/strong> pour les jeunes, afin de leur offrir des rep\u00e8res constants et une s\u00e9curit\u00e9 \u00e9motionnelle \ud83d\udd12. Cela inclut une <strong>communication claire<\/strong> entre les adultes, m\u00eame si leurs approches peuvent l\u00e9g\u00e8rement diff\u00e9rer.<\/p>\n\n\n\n<p>Pour que le jeune puisse se d\u00e9velopper dans un environnement <strong>serein et s\u00e9curis\u00e9<\/strong>, l\u2019\u00e9quipe \u00e9ducative doit agir de mani\u00e8re <strong>coordonn\u00e9e et stable<\/strong>. Cela \u00e9vite de le placer face \u00e0 des <strong>injonctions paradoxales<\/strong> ou des messages contradictoires. La coh\u00e9rence des r\u00e9ponses \u00e9ducatives est essentielle pour offrir un cadre fiable et pr\u00e9visible.<\/p>\n\n\n\n<p>\ud83d\udcac <strong>Exemple concret<\/strong> :<br>Un jeune demande une sortie suppl\u00e9mentaire.<\/p>\n\n\n\n<ul class=\"wp-block-list\">\n<li>\ud83e\uddd1\u200d\ud83c\udfeb Educateur 1 : \u00ab Oui, on peut faire \u00e7a. \u00bb<\/li>\n\n\n\n<li>\ud83d\udc69\u200d\ud83c\udfeb Educateur 2 : \u00ab Non, ce n\u2019est pas possible. \u00bb<br>\u2192 <strong>Solution<\/strong> : L\u2019\u00e9quipe doit se <strong>coordonner<\/strong> et <strong>expliquer la d\u00e9cision de mani\u00e8re coh\u00e9rente<\/strong>, sans cr\u00e9er de <strong>conflit de loyaut\u00e9<\/strong> chez le jeune.<\/li>\n<\/ul>\n\n\n\n<h3 class=\"wp-block-heading\">\u26a0\ufe0f <strong>Points d\u2019attention<\/strong><\/h3>\n\n\n\n<ul class=\"wp-block-list\">\n<li>\ud83d\udcc5 Veiller \u00e0 <strong>communiquer r\u00e9guli\u00e8rement<\/strong> au sein de l\u2019\u00e9quipe pour garantir une coh\u00e9rence dans les r\u00e9ponses \u00e9ducatives.<\/li>\n\n\n\n<li>\ud83d\udde3\ufe0f Utiliser des <strong>r\u00e9unions d\u2019\u00e9quipe<\/strong> pour ajuster et valider ensemble les d\u00e9cisions \u00e0 prendre.<\/li>\n\n\n\n<li>\ud83c\udf1f <strong>Aligner<\/strong> les discours et les actions \u00e9ducatives pour \u00e9viter les contradictions.<\/li>\n<\/ul>\n\n\n\n<div class=\"wp-block-columns is-layout-flex wp-container-core-columns-is-layout-9d6595d7 wp-block-columns-is-layout-flex\">\n<div class=\"wp-block-column is-layout-flow wp-block-column-is-layout-flow\">\n<h2 class=\"wp-block-heading\">Objectif(s) d&rsquo;utilisation<\/h2>\n\n\n\n<p>\ud83c\udfd7\ufe0f <strong>Autonomie<\/strong> : Offrir aux jeunes un cadre stable et pr\u00e9visible pour favoriser leur \u00e9volution.<\/p>\n\n\n\n<p>\ud83e\udd1d <strong>Sociabilisation<\/strong> : Aider les jeunes \u00e0 se rep\u00e9rer dans un cadre \u00e9ducatif <strong>clair et structur\u00e9<\/strong>.<\/p>\n\n\n\n<p>\ud83c\udf31 <strong>D\u00e9veloppement \u00e9motionnel<\/strong> : R\u00e9duire l\u2019anxi\u00e9t\u00e9 des jeunes en leur offrant des <strong>rep\u00e8res constants<\/strong>.<\/p>\n\n\n\n<p>\ud83d\udcda <strong>Apprentissage<\/strong> : Promouvoir la <strong>compr\u00e9hension des r\u00e8gles communes<\/strong>, m\u00eame si les approches peuvent varier.<\/p>\n\n\n\n<p>\ud83d\udcaa <strong>Valorisation<\/strong> : Renforcer l\u2019estime de soi des jeunes en leur montrant qu\u2019ils \u00e9voluent dans un environnement fiable.<\/p>\n\n\n\n<p>\ud83e\uddd8 <strong>Auto-r\u00e9gulation<\/strong> : Aider les jeunes \u00e0 <strong>g\u00e9rer leurs \u00e9motions<\/strong> face \u00e0 des r\u00e9ponses \u00e9ducatives coh\u00e9rentes et constantes.<\/p>\n<\/div>\n\n\n\n<div class=\"wp-block-column is-layout-flow wp-block-column-is-layout-flow\">\n<h2 class=\"wp-block-heading\">Liens utiles<\/h2>\n\n\n\n<p><strong>Quel coh\u00e9rence \u00e9ducative entre les adultes autour de l&rsquo;enfant <\/strong><em>Un entretien avec Daniel Coum, psychologue clinicien, psychanalyste, directeur des services de Parentel et Ma\u00eetre de conf\u00e9rence \u00e0 l\u2019universit\u00e9 de Bretagne (04:20 &#8211; Yapaka))<\/em><br><a href=\"https:\/\/www.yapaka.be\/video\/video-quelle-coherence-educative-entre-les-adultes-autour-de-lenfant\" target=\"_blank\" rel=\"noreferrer noopener\">https:\/\/www.yapaka.be\/video\/video-quelle-coherence-educative-entre-les-adultes-autour-de-lenfant<\/a><\/p>\n<\/div>\n<\/div>\n\n\n\n<div class=\"wp-block-columns is-layout-flex wp-container-core-columns-is-layout-9d6595d7 wp-block-columns-is-layout-flex\">\n<div class=\"wp-block-column is-layout-flow wp-block-column-is-layout-flow\">\n<h2 class=\"wp-block-heading\">Variantes &#8211; am\u00e9nagement<\/h2>\n\n\n\n<p>\ud83d\udc76 <strong>Petite enfance<\/strong> : R\u00e9p\u00e9ter les consignes avec des mots simples et coh\u00e9rents. Utiliser des <strong>routines stables<\/strong> pour renforcer la s\u00e9curit\u00e9 du cadre.<\/p>\n\n\n\n<p>\ud83e\uddd1\u200d\ud83c\udf93 <strong>Adolescents<\/strong> : Adapter le discours avec des explications <strong>claires mais fermes<\/strong>, toujours en accord avec l\u2019\u00e9quipe \u00e9ducative.<\/p>\n\n\n\n<p>\ud83d\udc68\u200d\ud83d\udc69\u200d\ud83d\udc67\u200d\ud83d\udc66 <strong>En groupe<\/strong> : Mettre en place des <strong>rituels communs<\/strong> (ex. : rappel des r\u00e8gles avant chaque activit\u00e9) pour renforcer la coh\u00e9rence du cadre.<\/p>\n<\/div>\n<\/div>\n\n\n\n<p>Des outils \u00e0 nous partager ? <a href=\"https:\/\/api-lux.be\/index.php\/contact\/\">Cliquez ici<\/a><\/p>\n","protected":false},"excerpt":{"rendered":"<p>\ud83d\udd17 Accordage et coh\u00e9rence entre professionnels &#8211; Cr\u00e9er et renforcer un model \u00e9ducatif commun<\/p>\n","protected":false},"author":2,"featured_media":0,"comment_status":"closed","ping_status":"closed","sticky":false,"template":"","format":"standard","meta":{"iawp_total_views":64,"footnotes":""},"categories":[4,18,9,13,46,47,20,21],"tags":[],"class_list":["post-1886","post","type-post","status-publish","format-standard","hentry","category-besoins","category-besoins-destime","category-besoins-de-securite","category-coherence","category-fiches-outils","category-fiches-outils-pour-les-professionnels","category-individualisation","category-valorisation-confiance"],"_links":{"self":[{"href":"https:\/\/api-lux.be\/index.php\/wp-json\/wp\/v2\/posts\/1886","targetHints":{"allow":["GET"]}}],"collection":[{"href":"https:\/\/api-lux.be\/index.php\/wp-json\/wp\/v2\/posts"}],"about":[{"href":"https:\/\/api-lux.be\/index.php\/wp-json\/wp\/v2\/types\/post"}],"author":[{"embeddable":true,"href":"https:\/\/api-lux.be\/index.php\/wp-json\/wp\/v2\/users\/2"}],"replies":[{"embeddable":true,"href":"https:\/\/api-lux.be\/index.php\/wp-json\/wp\/v2\/comments?post=1886"}],"version-history":[{"count":10,"href":"https:\/\/api-lux.be\/index.php\/wp-json\/wp\/v2\/posts\/1886\/revisions"}],"predecessor-version":[{"id":7659,"href":"https:\/\/api-lux.be\/index.php\/wp-json\/wp\/v2\/posts\/1886\/revisions\/7659"}],"wp:attachment":[{"href":"https:\/\/api-lux.be\/index.php\/wp-json\/wp\/v2\/media?parent=1886"}],"wp:term":[{"taxonomy":"category","embeddable":true,"href":"https:\/\/api-lux.be\/index.php\/wp-json\/wp\/v2\/categories?post=1886"},{"taxonomy":"post_tag","embeddable":true,"href":"https:\/\/api-lux.be\/index.php\/wp-json\/wp\/v2\/tags?post=1886"}],"curies":[{"name":"wp","href":"https:\/\/api.w.org\/{rel}","templated":true}]}}