{"id":186,"date":"2024-12-10T11:41:41","date_gmt":"2024-12-10T10:41:41","guid":{"rendered":"http:\/\/localhost\/mdi_w\/?p=186"},"modified":"2025-07-01T15:39:35","modified_gmt":"2025-07-01T13:39:35","slug":"instaurer-une-ambiance-securisante","status":"publish","type":"post","link":"https:\/\/api-lux.be\/index.php\/2024\/12\/10\/instaurer-une-ambiance-securisante\/","title":{"rendered":"Instaurer une ambiance s\u00e9curisante"},"content":{"rendered":"\n<div class=\"wp-block-columns is-layout-flex wp-container-core-columns-is-layout-9d6595d7 wp-block-columns-is-layout-flex\">\n<div class=\"wp-block-column is-layout-flow wp-block-column-is-layout-flow\"><div class=\"wp-block-image\">\n<figure class=\"aligncenter size-full\"><img loading=\"lazy\" decoding=\"async\" width=\"600\" height=\"400\" src=\"https:\/\/api-lux.be\/wp-content\/uploads\/2024\/12\/ambiance_securisante.jpeg\" alt=\"\" class=\"wp-image-188\" srcset=\"https:\/\/api-lux.be\/wp-content\/uploads\/2024\/12\/ambiance_securisante.jpeg 600w, https:\/\/api-lux.be\/wp-content\/uploads\/2024\/12\/ambiance_securisante-300x200.jpeg 300w\" sizes=\"auto, (max-width: 600px) 100vw, 600px\" \/><\/figure>\n<\/div><\/div>\n\n\n\n<div class=\"wp-block-column is-layout-flow wp-block-column-is-layout-flow\">\n<p>\ud83d\udcc5 <strong>Organisation : adaptation p\u00e9dagogique du quotidien<\/strong> &#8211; Cr\u00e9er un environnement apaisant pour favoriser le bien-\u00eatre \u00e9motionnel.<\/p>\n\n\n\n<!--more-->\n\n\n\n<h2 class=\"wp-block-heading\">\u00c2ge cible<\/h2>\n\n\n\n<p>Cet outil est particuli\u00e8rement adapt\u00e9 aux jeunes entre 3 et 18 ans.<\/p>\n<\/div>\n<\/div>\n\n\n\n<div class=\"wp-block-columns is-layout-flex wp-container-core-columns-is-layout-9d6595d7 wp-block-columns-is-layout-flex\">\n<div class=\"wp-block-column is-layout-flow wp-block-column-is-layout-flow\">\n<h2 class=\"wp-block-heading\">Descriptif de l&rsquo;outil<\/h2>\n\n\n\n<p>Une ambiance s\u00e9curisante vise \u00e0 offrir un cadre <strong>stable et apaisant<\/strong> pour les enfants ou jeunes. Cela passe par des routines bien \u00e9tablies, une communication non verbale positive (sourires, gestes rassurants) et la cr\u00e9ation d&rsquo;espaces de vie favorisant la s\u00e9r\u00e9nit\u00e9 (am\u00e9nagements doux, lumi\u00e8res tamis\u00e9es, bruits apaisants). <\/p>\n\n\n\n<p>\ud83d\udd6f\ufe0f\ud83d\udc86\u200d\u2640\ufe0f Utilis\u00e9 dans les espaces de vie et de d\u00e9couvertes (\u00e9coles, activit\u00e9s de loisirs), cet outil permet de diminuer les comportements d\u2019agitation ou de stress et aide les jeunes \u00e0 se recentrer, pr\u00e9venir des d\u00e9s\u00e9quilibres \u00e9motionnels. Cette approche convient particuli\u00e8rement aux enfants susceptibles de d\u00e9velopper des difficult\u00e9s comportementales li\u00e9es au stress ou \u00e0 l\u2019instabilit\u00e9 \u00e9motionnelle. <\/p>\n\n\n\n<p>\ud83c\udf31 Les outils d&rsquo;ambiance (musique douce, huiles essentielles, objets familiers) peuvent \u00eatre int\u00e9gr\u00e9s. <\/p>\n\n\n\n<p>\ud83c\udfb6\ud83e\uddf4 On peut se procurer certains \u00e9l\u00e9ments via des magasins sp\u00e9cialis\u00e9s en p\u00e9dagogie ou bien-\u00eatre, en ligne ou en physique.<\/p>\n<\/div>\n<\/div>\n\n\n\n<div class=\"wp-block-columns is-layout-flex wp-container-core-columns-is-layout-9d6595d7 wp-block-columns-is-layout-flex\">\n<div class=\"wp-block-column is-layout-flow wp-block-column-is-layout-flow\">\n<h2 class=\"wp-block-heading\">Objectif(s) d&rsquo;utilisation<\/h2>\n\n\n\n<p>\ud83d\udecb\ufe0f <strong>Cr\u00e9er un cadre de vie rassurant <\/strong>o\u00f9 l\u2019enfant se sent en s\u00e9curit\u00e9;<\/p>\n\n\n\n<p>\ud83d\ude0c <strong>R\u00e9duire l&rsquo;anxi\u00e9t\u00e9<\/strong> et les r\u00e9actions \u00e9motionnelles excessives;<\/p>\n\n\n\n<p>\ud83c\udf0a <strong>R\u00e9guler les \u00e9motions<\/strong>;<\/p>\n\n\n\n<p>\ud83d\udcda <strong>Aider \u00e0 l&rsquo;apprentissage et \u00e0 la participation active <\/strong>dans les activit\u00e9s de d\u00e9couverte;<\/p>\n\n\n\n<p>\ud83e\udd1d <strong>Am\u00e9liorer les relations sociales<\/strong> avec ses pairs et les adultes encadrants.<\/p>\n\n\n\n<h2 class=\"wp-block-heading\">Liens utiles<\/h2>\n\n\n\n<p>\ud83d\udcc4 <strong>DOCUMENT PDF<\/strong> <a href=\"https:\/\/www.one.be\/fileadmin\/user_upload\/siteone\/PRO\/Milieux_accueil\/Flash_accueil\/FA32_Au_quotidien.pdf\" target=\"_blank\" rel=\"noreferrer noopener\">Penser l\u2019am\u00e9nagement des espaces int\u00e9rieurs \u2013 Flash Accueil n\u00b032 (ONE)<\/a> &#8211; Des pistes concr\u00e8tes pour organiser des espaces de vie adapt\u00e9s aux besoins des jeunes enfants en milieu d\u2019accueil.\u200b<\/p>\n<\/div>\n\n\n\n<div class=\"wp-block-column is-layout-flow wp-block-column-is-layout-flow\">\n<h2 class=\"wp-block-heading\">Variantes &#8211; am\u00e9nagement<\/h2>\n\n\n\n<p><strong>\ud83c\udf38 Utiliser des couleurs et textures douces pour d\u00e9corer les espaces<\/strong> \ud83d\udd8c\ufe0f : Choisir des tons pastel, des tissus doux et des \u00e9l\u00e9ments visuels apaisants pour cr\u00e9er un environnement accueillant et relaxant. \ud83c\udf08<\/p>\n\n\n\n<p><strong>\ud83c\udfb6 Proposer des espaces sensoriels avec musique calme et coussins pour moments de r\u00e9pit<\/strong> \ud83d\udecb\ufe0f : Cr\u00e9er des zones d\u00e9di\u00e9es \u00e0 la d\u00e9tente, o\u00f9 la musique douce et les coussins permettent aux jeunes de se ressourcer. \ud83e\uddd8\u200d\u2642\ufe0f<\/p>\n\n\n\n<p><strong>\ud83d\uddbc\ufe0f Introduire des routines visuelles (pictogrammes) pour structurer les activit\u00e9s quotidiennes<\/strong> \ud83d\udcc5 : Les pictogrammes aident \u00e0 clarifier et \u00e0 rendre pr\u00e9visibles les diff\u00e9rentes \u00e9tapes de la journ\u00e9e. \ud83c\udf1f<\/p>\n\n\n\n<p><strong>\ud83d\udca1 Utiliser des lumi\u00e8res ajustables pour moduler l&rsquo;ambiance selon les moments de la journ\u00e9e<\/strong> \ud83c\udf05\ud83c\udf19 : Les \u00e9clairages modulables permettent de cr\u00e9er une atmosph\u00e8re sereine et adapt\u00e9e aux besoins sp\u00e9cifiques de chaque moment. \ud83c\udf1e<\/p>\n<\/div>\n<\/div>\n\n\n\n<p>Des outils \u00e0 nous partager ?&nbsp;<a href=\"https:\/\/api-lux.be\/index.php\/contact\/\">Cliquez ici<\/a><\/p>\n","protected":false},"excerpt":{"rendered":"<p>\ud83d\udcc5 Organisation : adaptation p\u00e9dagogique du quotidien &#8211; Cr\u00e9er un environnement apaisant pour favoriser le bien-\u00eatre \u00e9motionnel.<\/p>\n","protected":false},"author":6,"featured_media":0,"comment_status":"closed","ping_status":"closed","sticky":false,"template":"","format":"standard","meta":{"iawp_total_views":4,"footnotes":""},"categories":[24,10,28,4,22,27,14,18,9,5,8,12,13,23,15,46,48,47,19,17,20,11,6,7,21,16],"tags":[],"class_list":["post-186","post","type-post","status-publish","format-standard","hentry","category-adaptation-des-apprentissages","category-amenagement-environnement","category-autonomie-et-responsabilisation","category-besoins","category-besoins-cognitifs","category-besoins-daccomplissement","category-besoins-dappartenance","category-besoins-destime","category-besoins-de-securite","category-besoins-physiologiques","category-bien-etre","category-cadre-et-limites","category-coherence","category-communication","category-famille-et-milieu-de-vie","category-fiches-outils","category-fiches-outils-pour-les-aidants-proches","category-fiches-outils-pour-les-professionnels","category-gestion-des-emotions","category-inclusion-sociale-et-reseau-sociaux","category-individualisation","category-rituels","category-sante-alimentation-sommeil-hygiene","category-soin-pistes-et-outils-professionnels","category-valorisation-confiance","category-vie-affective"],"_links":{"self":[{"href":"https:\/\/api-lux.be\/index.php\/wp-json\/wp\/v2\/posts\/186","targetHints":{"allow":["GET"]}}],"collection":[{"href":"https:\/\/api-lux.be\/index.php\/wp-json\/wp\/v2\/posts"}],"about":[{"href":"https:\/\/api-lux.be\/index.php\/wp-json\/wp\/v2\/types\/post"}],"author":[{"embeddable":true,"href":"https:\/\/api-lux.be\/index.php\/wp-json\/wp\/v2\/users\/6"}],"replies":[{"embeddable":true,"href":"https:\/\/api-lux.be\/index.php\/wp-json\/wp\/v2\/comments?post=186"}],"version-history":[{"count":19,"href":"https:\/\/api-lux.be\/index.php\/wp-json\/wp\/v2\/posts\/186\/revisions"}],"predecessor-version":[{"id":7882,"href":"https:\/\/api-lux.be\/index.php\/wp-json\/wp\/v2\/posts\/186\/revisions\/7882"}],"wp:attachment":[{"href":"https:\/\/api-lux.be\/index.php\/wp-json\/wp\/v2\/media?parent=186"}],"wp:term":[{"taxonomy":"category","embeddable":true,"href":"https:\/\/api-lux.be\/index.php\/wp-json\/wp\/v2\/categories?post=186"},{"taxonomy":"post_tag","embeddable":true,"href":"https:\/\/api-lux.be\/index.php\/wp-json\/wp\/v2\/tags?post=186"}],"curies":[{"name":"wp","href":"https:\/\/api.w.org\/{rel}","templated":true}]}}