{"id":174,"date":"2024-12-10T11:14:17","date_gmt":"2024-12-10T10:14:17","guid":{"rendered":"http:\/\/localhost\/mdi_w\/?p=174"},"modified":"2025-07-01T15:39:59","modified_gmt":"2025-07-01T13:39:59","slug":"les-rituels","status":"publish","type":"post","link":"https:\/\/api-lux.be\/index.php\/2024\/12\/10\/les-rituels\/","title":{"rendered":"Les rituels"},"content":{"rendered":"\n<div class=\"wp-block-columns is-layout-flex wp-container-core-columns-is-layout-9d6595d7 wp-block-columns-is-layout-flex\">\n<div class=\"wp-block-column is-vertically-aligned-center is-layout-flow wp-block-column-is-layout-flow\"><div class=\"wp-block-image\">\n<figure class=\"aligncenter size-full is-resized\"><img loading=\"lazy\" decoding=\"async\" width=\"612\" height=\"408\" src=\"https:\/\/api-lux.be\/wp-content\/uploads\/2024\/12\/Rituels.jpg\" alt=\"\" class=\"wp-image-176\" style=\"width:404px;height:auto\" srcset=\"https:\/\/api-lux.be\/wp-content\/uploads\/2024\/12\/Rituels.jpg 612w, https:\/\/api-lux.be\/wp-content\/uploads\/2024\/12\/Rituels-300x200.jpg 300w\" sizes=\"auto, (max-width: 612px) 100vw, 612px\" \/><\/figure>\n<\/div><\/div>\n\n\n\n<div class=\"wp-block-column is-vertically-aligned-center is-layout-flow wp-block-column-is-layout-flow\">\n<p><br>\ud83d\udcc5 <strong>Organisation : adaptation p\u00e9dagogique du quotidien<\/strong> &#8211; les rituels jouent un r\u00f4le crucial dans la structuration de la vie des enfants et des jeunes adultes. Ils apportent stabilit\u00e9 et pr\u00e9visibilit\u00e9, augmentant le sentiment de s\u00e9curit\u00e9 et favorisant un d\u00e9veloppement harmonieux.<\/p>\n\n\n\n<!--more-->\n\n\n\n<h2 class=\"wp-block-heading\">\u00c2ge cible<\/h2>\n\n\n\n<p>De 0 \u00e0 25 ans. <\/p>\n<\/div>\n<\/div>\n\n\n\n<div class=\"wp-block-columns is-layout-flex wp-container-core-columns-is-layout-9d6595d7 wp-block-columns-is-layout-flex\">\n<div class=\"wp-block-column is-layout-flow wp-block-column-is-layout-flow\">\n<h2 class=\"wp-block-heading\">Descriptif de l&rsquo;outil<\/h2>\n\n\n\n<p>Les <strong>rituels<\/strong> sont importants d\u00e8s la <strong>petite enfance<\/strong> (0-3 ans) et continuent \u00e0 jouer un r\u00f4le <strong>essentiel<\/strong> jusqu&rsquo;\u00e0 l&rsquo;\u00e2ge adulte. Ils s&rsquo;<strong>adaptent<\/strong> aux <strong>besoins \u00e9volutifs<\/strong> et aux <strong>changements<\/strong> dans les <strong>routines de vie<\/strong>. Les rituels sont des <strong>pratiques r\u00e9guli\u00e8res<\/strong> et <strong>pr\u00e9visibles<\/strong> qui aident \u00e0 <strong>structurer<\/strong> le quotidien des enfants et des jeunes adultes.<\/p>\n\n\n\n<p>\ud83d\udcc5\ud83d\udd01 Pour les enfants pr\u00e9sentant des <strong>troubles intellectuels<\/strong>, les rituels sont plus que n\u00e9cessaires, car ils leur permettent de <strong>se rep\u00e9rer<\/strong> et de <strong>d\u00e9velopper leurs comp\u00e9tences<\/strong>. Le <strong>contexte d&rsquo;apprentissage<\/strong> ne doit pas changer trop souvent ou le <strong>changement<\/strong> doit \u00eatre <strong>progressif<\/strong>.<\/p>\n\n\n\n<p>\ud83d\udd04 Les moments <strong>ritualis\u00e9s<\/strong> rassurent gr\u00e2ce \u00e0 leur <strong>constance<\/strong>. La <strong>r\u00e9p\u00e9tition<\/strong> d&rsquo;une m\u00eame activit\u00e9 permet \u00e9galement aux enfants porteurs d&rsquo;un <strong>handicap intellectuel<\/strong> de prendre conscience de leurs <strong>comp\u00e9tences<\/strong>, donc de <strong>s&rsquo;investir davantage<\/strong> et de devenir de plus en plus <strong>autonomes<\/strong> dans les <strong>t\u00e2ches r\u00e9p\u00e9titives<\/strong> qu&rsquo;ils ex\u00e9cutent. \ud83d\udcaa<\/p>\n\n\n\n<p>\ud83e\udde0 Les rituels permettent aux enfants de <strong>savoir ce qui est attendu<\/strong> d&rsquo;eux et permettent d&rsquo;<strong>\u00e9viter les longs moments de n\u00e9gociation<\/strong>.<\/p>\n\n\n\n<p>Ils  peuvent prendre diff\u00e9rentes formes :<\/p>\n\n\n\n<ul class=\"wp-block-list\">\n<li>\ud83c\udf05 <strong>Rituels du matin<\/strong>  : pr\u00e9parer les enfants \u00e0 la journ\u00e9e et utiliser toujours le m\u00eame ordre de pr\u00e9paration, par exemple : r\u00e9veil, habillage, petit-d\u00e9jeuner, brossage des dents, temps de jeu, trajet, etc.<\/li>\n\n\n\n<li>\ud83d\udd04 <strong>Rituels de transition<\/strong>  : faciliter le passage entre diff\u00e9rentes activit\u00e9s, par exemple : chanson avant de commencer les devoirs. \ud83c\udfb6<\/li>\n\n\n\n<li>\ud83c\udf19 <strong>Rituels du soir<\/strong>  : cr\u00e9er un environnement apaisant avant le coucher et r\u00e9p\u00e9ter les m\u00eames gestes chaque soir : repas, douche, lecture d&rsquo;une histoire, c\u00e2lin, bonne nuit\u2026 \ud83d\udcda\ud83c\udf19<\/li>\n<\/ul>\n\n\n\n<h2 class=\"wp-block-heading\">Objectif(s) d&rsquo;utilisation<\/h2>\n\n\n\n<p>\ud83e\uddd8 <strong>Stabilit\u00e9 \u00e9motionnelle<\/strong> : les rituels offrent un cadre rassurant, r\u00e9duisant l&rsquo;anxi\u00e9t\u00e9 et le stress.<\/p>\n\n\n\n<p>\ud83d\udd2e <strong>Pr\u00e9visibilit\u00e9<\/strong>  : ils cr\u00e9ent un environnement o\u00f9 les individus savent \u00e0 quoi s&rsquo;attendre, ce qui est crucial pour leur s\u00e9curit\u00e9 \u00e9motionnelle.<\/p>\n\n\n\n<p>\ud83d\udca1 <strong>D\u00e9veloppement de comp\u00e9tences et l&rsquo;estime de soi<\/strong>  : en r\u00e9p\u00e9tant des activit\u00e9s, les personnes d\u00e9veloppent des comp\u00e9tences et des routines positives.<\/p>\n\n\n\n<p>\ud83c\udfaf <strong>Renforcement des comportements positifs<\/strong> : les rituels peuvent encourager des comportements appropri\u00e9s par la r\u00e9compense et la constance.<\/p>\n\n\n\n<p>\ud83e\udd1d  <strong>Coh\u00e9sion<\/strong> : ils favorisent des moments de partage dans les diff\u00e9rents espaces de vie et de d\u00e9couvertes (\u00e9coles, loisirs).<\/p>\n\n\n\n<p>\ud83d\udc65 <strong>Collaboration<\/strong>  : les rituels motivent l&rsquo;enfant \u00e0 collaborer plus facilement.<\/p>\n\n\n\n<p>\ud83d\ude80 <strong>Favoriser l&rsquo;autonomie<\/strong>  : encourager les comportements appropri\u00e9s de mani\u00e8re autonome.<\/p>\n\n\n\n<p>\ud83d\udc96 <strong>Renforcer les liens affectifs<\/strong> : promouvoir des moments de qualit\u00e9 dans les diff\u00e9rents espaces de vie.<\/p>\n\n\n\n<h2 class=\"wp-block-heading\">Liens utiles<\/h2>\n\n\n\n<p>\ud83d\udcf0 <strong>ARTICLE<\/strong> <a href=\"https:\/\/www.yapaka.be\/page\/creer-des-rituels\" target=\"_blank\" rel=\"noreferrer noopener\">Cr\u00e9er des rituels \u2013 Yapaka<\/a> \u2013 R\u00e9flexion sur l&rsquo;importance des rituels dans la vie quotidienne des enfants pour les aider \u00e0 se structurer et \u00e0 se s\u00e9curiser.\u200b<\/p>\n\n\n\n<p>\ud83d\udcda <strong>LIVRE<\/strong> <a href=\"https:\/\/tompousse.fr\/livre\/100-idees-pour-accompagner-les-enfants-deficients-intellectuels\/\" target=\"_blank\" rel=\"noreferrer noopener\"><em>100 id\u00e9es pour accompagner les enfants d\u00e9ficients intellectuels<\/em> \u2013 \u00c9ditions Tom Pousse<\/a><br>Un guide pratique de Klinger-Delarge, O. (2013), proposant des actions \u00e9ducatives concr\u00e8tes pour soutenir le d\u00e9veloppement et l\u2019autonomie des enfants pr\u00e9sentant une d\u00e9ficience intellectuelle.\u200b<\/p>\n<\/div>\n<\/div>\n\n\n\n<p>Des outils \u00e0 nous partager ?&nbsp;<a href=\"https:\/\/api-lux.be\/index.php\/contact\/\">Cliquez ici<\/a><\/p>\n","protected":false},"excerpt":{"rendered":"<p>\ud83d\udcc5 Organisation : adaptation p\u00e9dagogique du quotidien &#8211; les rituels jouent un r\u00f4le crucial dans la structuration de la vie des enfants et des jeunes adultes. Ils apportent stabilit\u00e9 et [&hellip;]<\/p>\n","protected":false},"author":6,"featured_media":0,"comment_status":"closed","ping_status":"closed","sticky":false,"template":"","format":"standard","meta":{"iawp_total_views":12,"footnotes":""},"categories":[24,10,28,4,22,27,18,9,5,8,12,13,23,46,48,47,19,25,26,11,6,21],"tags":[],"class_list":["post-174","post","type-post","status-publish","format-standard","hentry","category-adaptation-des-apprentissages","category-amenagement-environnement","category-autonomie-et-responsabilisation","category-besoins","category-besoins-cognitifs","category-besoins-daccomplissement","category-besoins-destime","category-besoins-de-securite","category-besoins-physiologiques","category-bien-etre","category-cadre-et-limites","category-coherence","category-communication","category-fiches-outils","category-fiches-outils-pour-les-aidants-proches","category-fiches-outils-pour-les-professionnels","category-gestion-des-emotions","category-materiel-specifique","category-outils-pedagogiques-pour-les-pro","category-rituels","category-sante-alimentation-sommeil-hygiene","category-valorisation-confiance"],"_links":{"self":[{"href":"https:\/\/api-lux.be\/index.php\/wp-json\/wp\/v2\/posts\/174","targetHints":{"allow":["GET"]}}],"collection":[{"href":"https:\/\/api-lux.be\/index.php\/wp-json\/wp\/v2\/posts"}],"about":[{"href":"https:\/\/api-lux.be\/index.php\/wp-json\/wp\/v2\/types\/post"}],"author":[{"embeddable":true,"href":"https:\/\/api-lux.be\/index.php\/wp-json\/wp\/v2\/users\/6"}],"replies":[{"embeddable":true,"href":"https:\/\/api-lux.be\/index.php\/wp-json\/wp\/v2\/comments?post=174"}],"version-history":[{"count":27,"href":"https:\/\/api-lux.be\/index.php\/wp-json\/wp\/v2\/posts\/174\/revisions"}],"predecessor-version":[{"id":7883,"href":"https:\/\/api-lux.be\/index.php\/wp-json\/wp\/v2\/posts\/174\/revisions\/7883"}],"wp:attachment":[{"href":"https:\/\/api-lux.be\/index.php\/wp-json\/wp\/v2\/media?parent=174"}],"wp:term":[{"taxonomy":"category","embeddable":true,"href":"https:\/\/api-lux.be\/index.php\/wp-json\/wp\/v2\/categories?post=174"},{"taxonomy":"post_tag","embeddable":true,"href":"https:\/\/api-lux.be\/index.php\/wp-json\/wp\/v2\/tags?post=174"}],"curies":[{"name":"wp","href":"https:\/\/api.w.org\/{rel}","templated":true}]}}