{"id":1534,"date":"2025-02-25T16:52:06","date_gmt":"2025-02-25T15:52:06","guid":{"rendered":"https:\/\/api-lux.be\/?p=1534"},"modified":"2025-07-01T13:35:49","modified_gmt":"2025-07-01T11:35:49","slug":"charte-multimedia","status":"publish","type":"post","link":"https:\/\/api-lux.be\/index.php\/2025\/02\/25\/charte-multimedia\/","title":{"rendered":"Charte multim\u00e9dia"},"content":{"rendered":"\n<div class=\"wp-block-columns is-layout-flex wp-container-core-columns-is-layout-9d6595d7 wp-block-columns-is-layout-flex\">\n<div class=\"wp-block-column is-layout-flow wp-block-column-is-layout-flow\">\n<figure class=\"wp-block-image size-full\"><img loading=\"lazy\" decoding=\"async\" width=\"595\" height=\"805\" src=\"https:\/\/api-lux.be\/wp-content\/uploads\/2025\/02\/charte-multimedia.png\" alt=\"\" class=\"wp-image-1535\" srcset=\"https:\/\/api-lux.be\/wp-content\/uploads\/2025\/02\/charte-multimedia.png 595w, https:\/\/api-lux.be\/wp-content\/uploads\/2025\/02\/charte-multimedia-222x300.png 222w\" sizes=\"auto, (max-width: 595px) 100vw, 595px\" \/><\/figure>\n<\/div>\n\n\n\n<div class=\"wp-block-column is-layout-flow wp-block-column-is-layout-flow\">\n<p>Les \u00e9crans sont nocifs, surtout s&rsquo;ils ne sont pas utilis\u00e9s \u00e0 bon escient et si leur utilisation n&rsquo;est pas cadr\u00e9e.<\/p>\n\n\n\n<h2 class=\"wp-block-heading\">\u00c2ge cible<\/h2>\n\n\n\n<p><strong>De 3 \u00e0 99 ans.<\/strong><\/p>\n<\/div>\n<\/div>\n\n\n\n<div class=\"wp-block-columns is-layout-flex wp-container-core-columns-is-layout-9d6595d7 wp-block-columns-is-layout-flex\">\n<div class=\"wp-block-column is-layout-flow wp-block-column-is-layout-flow\">\n<h2 class=\"wp-block-heading\">Descriptif de l&rsquo;outil<\/h2>\n\n\n\n<p>La r\u00e9daction d&rsquo;une charte concernant l&rsquo;utilisation des \u00e9crans, est importante pour limiter l&rsquo;exposition des enfants \u00e0 ceux-ci. Il est alors n\u00e9cessaire de d\u00e9finir des r\u00e8gles sur diff\u00e9rents points:<\/p>\n\n\n\n<ul class=\"wp-block-list\">\n<li>Les zones dans lesquelles les \u00e9crans peuvent \u00eatre utilis\u00e9s: cuisine, chambre, etc.<\/li>\n\n\n\n<li>Les moments durant lesquels les \u00e9crans sont autoris\u00e9s\/interdits: \u00e9cole, repas, avant de dormir, etc.<\/li>\n\n\n\n<li>Un temps d\u00e9fini d&rsquo;utilisation, en fonction de l&rsquo;\u00e2ge ou du handicap: 30 minutes\/jour, 1h\/jour, etc.<\/li>\n\n\n\n<li>Applications interdites\/autoris\u00e9es en fonction des \u00e2ges. Pour cela, basez-vous sur la loi des r\u00e9seaux sociaux (par exemple: facebook, pas avant 13 ans).<\/li>\n\n\n\n<li>&#8230;<\/li>\n<\/ul>\n\n\n\n<p>Toutes les r\u00e8gles concernant les \u00e9crans doivent y \u00eatre reprises et la charte doit \u00eatre sign\u00e9e par l&rsquo;enfant et le parent.<\/p>\n\n\n\n<p><strong>Attention<\/strong> \u00e0 la coh\u00e9rence: le professionnel ou les parents, doivent aussi respecter certaines r\u00e8gles pour montrer l&rsquo;exemple aux enfants! <\/p>\n\n\n\n<p><strong>Remarque: les personnes en situation de handicap mental sont plus fragiles face aux dangers des r\u00e9seaux sociaux, notamment car elles ont besoin de reconnaissance et de valorisation. Les pi\u00e8ges sont aussi difficiles \u00e0 identifier car leur perception et l\u2019abstraction est compliqu\u00e9e.<\/strong><\/p>\n<\/div>\n\n\n\n<div class=\"wp-block-column is-layout-flow wp-block-column-is-layout-flow\">\n<h2 class=\"wp-block-heading\">Objectif(s) d&rsquo;utilisation<\/h2>\n\n\n\n<ul class=\"wp-block-list\">\n<li>S&rsquo;accorder sur le temps d&rsquo;\u00e9cran: fixer des limites de temps d&rsquo;\u00e9cran.<\/li>\n\n\n\n<li>Permet d&rsquo;encourager un \u00e9quilibre sain entre les activit\u00e9s en ligne et hors ligne. <\/li>\n\n\n\n<li>Apprentissage \u00e0 la n\u00e9gociation: les enfants n\u00e9gocient le temps d&rsquo;\u00e9cran, les contenus, etc.<\/li>\n\n\n\n<li>Expliciter aux enfants quel contenu est sain et quel contenu est dangereux, ainsi que les raisons.<\/li>\n\n\n\n<li>Apprendre les r\u00e8gles de comportement \u00e0 avoir en ligne: respect des autres, protection de la vie priv\u00e9e, pr\u00e9vention au cyberharc\u00e8lement, etc. <\/li>\n<\/ul>\n\n\n\n<h2 class=\"wp-block-heading\">Liens utiles<\/h2>\n\n\n\n<p><a href=\"https:\/\/www.epsilonmelia.com\/ressources-pedagogiques\/accompagnement-personnes-handicap-mental-reseaux-sociaux\/#:~:text=Les%20personnes%20en%20situation%20de%20handicap%20mental%20sont%20plus%20fragiles,et%20l'abstraction%20est%20compliqu%C3%A9e.\" target=\"_blank\" rel=\"noreferrer noopener\">https:\/\/www.epsilonmelia.com\/ressources-pedagogiques\/accompagnement-personnes-handicap-mental-reseaux-sociaux\/#:~:text=Les%20personnes%20en%20situation%20de%20handicap%20mental%20sont%20plus%20fragiles,et%20l&rsquo;abstraction%20est%20compliqu%C3%A9e.<\/a><\/p>\n\n\n\n<p><br><a href=\"https:\/\/www.agnesschool.be\/wp-content\/uploads\/2024\/03\/Charte-sur-les-ecrans-2022-1-FR.pdf\" target=\"_blank\" rel=\"noreferrer noopener\">https:\/\/www.agnesschool.be\/wp-content\/uploads\/2024\/03\/Charte-sur-les-ecrans-2022-1-FR.pdf<\/a><\/p>\n<\/div>\n<\/div>\n\n\n\n<div class=\"wp-block-columns is-layout-flex wp-container-core-columns-is-layout-9d6595d7 wp-block-columns-is-layout-flex\">\n<div class=\"wp-block-column is-layout-flow wp-block-column-is-layout-flow\">\n<h2 class=\"wp-block-heading\">Variantes &#8211; am\u00e9nagement<\/h2>\n\n\n\n<p><\/p>\n<\/div>\n<\/div>\n\n\n\n<p>Des outils \u00e0 nous partager ? <a href=\"https:\/\/api-lux.be\/index.php\/contact\/\">Cliquez ici<\/a><\/p>\n","protected":false},"excerpt":{"rendered":"<p>Les \u00e9crans sont nocifs, surtout s&rsquo;ils ne sont pas utilis\u00e9s \u00e0 bon escient et si leur utilisation n&rsquo;est pas cadr\u00e9e. \u00c2ge cible De 3 \u00e0 99 ans. Descriptif de l&rsquo;outil [&hellip;]<\/p>\n","protected":false},"author":6,"featured_media":0,"comment_status":"closed","ping_status":"closed","sticky":false,"template":"","format":"standard","meta":{"iawp_total_views":7,"footnotes":""},"categories":[10,4,9,5,8,12],"tags":[],"class_list":["post-1534","post","type-post","status-publish","format-standard","hentry","category-amenagement-environnement","category-besoins","category-besoins-de-securite","category-besoins-physiologiques","category-bien-etre","category-cadre-et-limites"],"_links":{"self":[{"href":"https:\/\/api-lux.be\/index.php\/wp-json\/wp\/v2\/posts\/1534","targetHints":{"allow":["GET"]}}],"collection":[{"href":"https:\/\/api-lux.be\/index.php\/wp-json\/wp\/v2\/posts"}],"about":[{"href":"https:\/\/api-lux.be\/index.php\/wp-json\/wp\/v2\/types\/post"}],"author":[{"embeddable":true,"href":"https:\/\/api-lux.be\/index.php\/wp-json\/wp\/v2\/users\/6"}],"replies":[{"embeddable":true,"href":"https:\/\/api-lux.be\/index.php\/wp-json\/wp\/v2\/comments?post=1534"}],"version-history":[{"count":6,"href":"https:\/\/api-lux.be\/index.php\/wp-json\/wp\/v2\/posts\/1534\/revisions"}],"predecessor-version":[{"id":7691,"href":"https:\/\/api-lux.be\/index.php\/wp-json\/wp\/v2\/posts\/1534\/revisions\/7691"}],"wp:attachment":[{"href":"https:\/\/api-lux.be\/index.php\/wp-json\/wp\/v2\/media?parent=1534"}],"wp:term":[{"taxonomy":"category","embeddable":true,"href":"https:\/\/api-lux.be\/index.php\/wp-json\/wp\/v2\/categories?post=1534"},{"taxonomy":"post_tag","embeddable":true,"href":"https:\/\/api-lux.be\/index.php\/wp-json\/wp\/v2\/tags?post=1534"}],"curies":[{"name":"wp","href":"https:\/\/api.w.org\/{rel}","templated":true}]}}