{"id":1492,"date":"2025-02-25T15:23:33","date_gmt":"2025-02-25T14:23:33","guid":{"rendered":"https:\/\/api-lux.be\/?p=1492"},"modified":"2025-07-01T13:36:09","modified_gmt":"2025-07-01T11:36:09","slug":"semainier-des-taches","status":"publish","type":"post","link":"https:\/\/api-lux.be\/index.php\/2025\/02\/25\/semainier-des-taches\/","title":{"rendered":"Semainier des t\u00e2ches"},"content":{"rendered":"\n<div class=\"wp-block-columns is-layout-flex wp-container-core-columns-is-layout-9d6595d7 wp-block-columns-is-layout-flex\">\n<div class=\"wp-block-column is-layout-flow wp-block-column-is-layout-flow\">\n<figure class=\"wp-block-image size-full\"><img loading=\"lazy\" decoding=\"async\" width=\"637\" height=\"335\" src=\"https:\/\/api-lux.be\/wp-content\/uploads\/2025\/02\/Tableau-des-taches-fb.jpg\" alt=\"\" class=\"wp-image-1498\" srcset=\"https:\/\/api-lux.be\/wp-content\/uploads\/2025\/02\/Tableau-des-taches-fb.jpg 637w, https:\/\/api-lux.be\/wp-content\/uploads\/2025\/02\/Tableau-des-taches-fb-300x158.jpg 300w\" sizes=\"auto, (max-width: 637px) 100vw, 637px\" \/><\/figure>\n<\/div>\n\n\n\n<div class=\"wp-block-column is-layout-flow wp-block-column-is-layout-flow\">\n<p>Bien que porteurs d&rsquo;une d\u00e9ficience, les enfants peuvent participer aux t\u00e2ches m\u00e9nag\u00e8res de la maison.<\/p>\n\n\n\n<!--more-->\n\n\n\n<h2 class=\"wp-block-heading\">\u00c2ge cible<\/h2>\n\n\n\n<p>De 3 \u00e0 99 ans.<\/p>\n<\/div>\n<\/div>\n\n\n\n<div class=\"wp-block-columns is-layout-flex wp-container-core-columns-is-layout-9d6595d7 wp-block-columns-is-layout-flex\">\n<div class=\"wp-block-column is-layout-flow wp-block-column-is-layout-flow\">\n<h2 class=\"wp-block-heading\">Descriptif de l&rsquo;outil<\/h2>\n\n\n\n<p>Responsabiliser les enfants fait partie de notre r\u00f4le. En les responsabilisant, les enfants se sentent utiles, comp\u00e9tents et importants puisqu\u2019ils sont capables de \u00ab&nbsp;faire comme les grands&nbsp;\u00bb. Le but est de leur permettre d&rsquo;acqu\u00e9rir un minimum d&rsquo;autonomie, selon leurs capacit\u00e9s et les \u00e9tapes de leur d\u00e9veloppement.<\/p>\n\n\n\n<p>Cela peut se faire \u00e0 partir de 3 ans pour des t\u00e2ches simples.<\/p>\n\n\n\n<p>Les enfants vivant en institution, b\u00e9n\u00e9ficient souvent des services d&rsquo;une \u00e9quipe d&rsquo;entretien qui nettoie leur chambre, lave leurs v\u00eatements, leur fait \u00e0 manger&#8230; De cette mani\u00e8re, ils peinent \u00e0 savoir faire ces t\u00e2ches lorsque la vie en autonomie leur \u00ab\u00a0tombe dessus\u00a0\u00bb&#8230; C&rsquo;est pour cette raison qu&rsquo;il est n\u00e9cessaire de les impliquer dans le quotidien.<\/p>\n\n\n\n<p>Je vous propose un syst\u00e8me de responsabilit\u00e9s sp\u00e9cialement con\u00e7u pour vous.<\/p>\n\n\n\n<ul class=\"wp-block-list\">\n<li>Imprimer le tableau des responsabilit\u00e9s.<\/li>\n\n\n\n<li>Plastifier et d\u00e9couper les images. Coller du Velcro derri\u00e8re chaque image.<\/li>\n\n\n\n<li>Coller \u00e0 la vue des enfants le tableau des responsabilit\u00e9s.<\/li>\n\n\n\n<li>Expliquer aux enfants chaque responsabilit\u00e9.<\/li>\n\n\n\n<li>Choisir le moment id\u00e9al pour la r\u00e9partition des t\u00e2ches de la journ\u00e9e.<\/li>\n\n\n\n<li>D\u00e9buter avec un petit nombre de responsabilit\u00e9s \u00e0 instaurer, tout au plus 3 ou 4. Cela permettra aux enfants de s\u2019habituer tranquillement (et vous aussi). Augmenter le nombre de responsabilit\u00e9s lorsque vous sentez que les enfants sont pr\u00eats et qu\u2019ils sont \u00e0 l\u2019aise avec le syst\u00e8me de responsabilit\u00e9s.<\/li>\n\n\n\n<li>Lorsqu\u2019une responsabilit\u00e9 doit \u00eatre r\u00e9alis\u00e9e, par exemple \u00e0 l\u2019heure du repas, appeler l\u2019enfant qui a choisi cette responsabilit\u00e9. Superviser l\u2019enfant au besoin dans la r\u00e9alisation de celle-ci.<\/li>\n\n\n\n<li>Toujours motiver les enfants&nbsp;: les f\u00e9liciter, les r\u00e9compenser de leurs efforts, leur remettre un autocollant suite \u00e0 chaque responsabilit\u00e9 r\u00e9alis\u00e9e, etc.<\/li>\n<\/ul>\n<\/div>\n\n\n\n<div class=\"wp-block-column is-layout-flow wp-block-column-is-layout-flow\">\n<h2 class=\"wp-block-heading\">Objectif(s) d&rsquo;utilisation<\/h2>\n\n\n\n<ul class=\"wp-block-list\">\n<li>Am\u00e8ne un sentiment d&rsquo;utilit\u00e9;<\/li>\n\n\n\n<li>Permet d&rsquo;apprendre \u00e0 faire les t\u00e2ches soi-m\u00eame sous la supervision d&rsquo;un adulte, dans un premier temps;<\/li>\n\n\n\n<li>&nbsp;Favorise le d\u00e9veloppement psycho-moteur de l&rsquo;enfant;<\/li>\n\n\n\n<li>Organiser son temps;<\/li>\n\n\n\n<li>Assumer une responsabilit\u00e9;<\/li>\n\n\n\n<li>Acqu\u00e9rir le sens de l&rsquo;effort; <\/li>\n<\/ul>\n<\/div>\n<\/div>\n\n\n\n<h2 class=\"wp-block-heading\">Liens utiles<\/h2>\n\n\n\n<p><a href=\"https:\/\/naitreetgrandir.com\/fr\/etape\/5-8-ans\/vie-famille\/taches-menageres\" target=\"_blank\" rel=\"noreferrer noopener\">https:\/\/naitreetgrandir.com\/fr\/etape\/5-8-ans\/vie-famille\/taches-menageres<\/a><\/p>\n\n\n\n<p><a href=\"https:\/\/naitreetgrandir.com\/fr\/etape\/3-5-ans\/vie-famille\/ik-naitre-grandir-faire-participer-enfant-corvee-tache-menagere\" target=\"_blank\" rel=\"noreferrer noopener\">https:\/\/naitreetgrandir.com\/fr\/etape\/3-5-ans\/vie-famille\/ik-naitre-grandir-faire-participer-enfant-corvee-tache-menagere<\/a><\/p>\n\n\n\n<div class=\"wp-block-columns is-layout-flex wp-container-core-columns-is-layout-9d6595d7 wp-block-columns-is-layout-flex\">\n<div class=\"wp-block-column is-layout-flow wp-block-column-is-layout-flow\">\n<h2 class=\"wp-block-heading\">Variantes &#8211; am\u00e9nagement<\/h2>\n\n\n\n<ul class=\"wp-block-list\">\n<li>Laisser les enfants choisir leur t\u00e2ches de temps en temps pour les motiver davantage.<\/li>\n\n\n\n<li>Faire un calendrier visuel avec des photos du quotidien: une photo du lave vaisselle, une photo du balai, une photo de la poubelle, pour que les jeunes se sentent plus impliqu\u00e9s.<\/li>\n<\/ul>\n\n\n\n<figure class=\"wp-block-image size-large\"><img loading=\"lazy\" decoding=\"async\" width=\"1024\" height=\"722\" src=\"https:\/\/api-lux.be\/wp-content\/uploads\/2025\/02\/Capture-du-2025-02-25-15-28-08-1024x722.png\" alt=\"\" class=\"wp-image-1504\" srcset=\"https:\/\/api-lux.be\/wp-content\/uploads\/2025\/02\/Capture-du-2025-02-25-15-28-08-1024x722.png 1024w, https:\/\/api-lux.be\/wp-content\/uploads\/2025\/02\/Capture-du-2025-02-25-15-28-08-300x211.png 300w, https:\/\/api-lux.be\/wp-content\/uploads\/2025\/02\/Capture-du-2025-02-25-15-28-08-768x541.png 768w, https:\/\/api-lux.be\/wp-content\/uploads\/2025\/02\/Capture-du-2025-02-25-15-28-08.png 1125w\" sizes=\"auto, (max-width: 1024px) 100vw, 1024px\" \/><\/figure>\n<\/div>\n<\/div>\n\n\n\n<div class=\"wp-block-columns is-layout-flex wp-container-core-columns-is-layout-9d6595d7 wp-block-columns-is-layout-flex\">\n<div class=\"wp-block-column is-layout-flow wp-block-column-is-layout-flow\">\n<figure class=\"wp-block-image size-large\"><img loading=\"lazy\" decoding=\"async\" width=\"724\" height=\"1024\" src=\"https:\/\/api-lux.be\/wp-content\/uploads\/2025\/02\/Affiche-Tableau-des-Responsabilites-Simple-Illustre-Colore-1-724x1024.jpg\" alt=\"\" class=\"wp-image-1697\" srcset=\"https:\/\/api-lux.be\/wp-content\/uploads\/2025\/02\/Affiche-Tableau-des-Responsabilites-Simple-Illustre-Colore-1-724x1024.jpg 724w, https:\/\/api-lux.be\/wp-content\/uploads\/2025\/02\/Affiche-Tableau-des-Responsabilites-Simple-Illustre-Colore-1-212x300.jpg 212w, https:\/\/api-lux.be\/wp-content\/uploads\/2025\/02\/Affiche-Tableau-des-Responsabilites-Simple-Illustre-Colore-1-768x1086.jpg 768w, https:\/\/api-lux.be\/wp-content\/uploads\/2025\/02\/Affiche-Tableau-des-Responsabilites-Simple-Illustre-Colore-1-1086x1536.jpg 1086w, https:\/\/api-lux.be\/wp-content\/uploads\/2025\/02\/Affiche-Tableau-des-Responsabilites-Simple-Illustre-Colore-1.jpg 1414w\" sizes=\"auto, (max-width: 724px) 100vw, 724px\" \/><figcaption class=\"wp-element-caption\">Id\u00e9e de planning en institution<\/figcaption><\/figure>\n<\/div>\n\n\n\n<div class=\"wp-block-column is-layout-flow wp-block-column-is-layout-flow\">\n<figure class=\"wp-block-image size-large\"><img loading=\"lazy\" decoding=\"async\" width=\"1024\" height=\"724\" src=\"https:\/\/api-lux.be\/wp-content\/uploads\/2025\/02\/Planning-enfant-Bleu-Vert-Illustratif-A4-1024x724.jpg\" alt=\"\" class=\"wp-image-1699\" srcset=\"https:\/\/api-lux.be\/wp-content\/uploads\/2025\/02\/Planning-enfant-Bleu-Vert-Illustratif-A4-1024x724.jpg 1024w, https:\/\/api-lux.be\/wp-content\/uploads\/2025\/02\/Planning-enfant-Bleu-Vert-Illustratif-A4-300x212.jpg 300w, https:\/\/api-lux.be\/wp-content\/uploads\/2025\/02\/Planning-enfant-Bleu-Vert-Illustratif-A4-768x543.jpg 768w, https:\/\/api-lux.be\/wp-content\/uploads\/2025\/02\/Planning-enfant-Bleu-Vert-Illustratif-A4-1536x1086.jpg 1536w, https:\/\/api-lux.be\/wp-content\/uploads\/2025\/02\/Planning-enfant-Bleu-Vert-Illustratif-A4.jpg 2000w\" sizes=\"auto, (max-width: 1024px) 100vw, 1024px\" \/><figcaption class=\"wp-element-caption\">Planning individuel<\/figcaption><\/figure>\n\n\n\n<figure class=\"wp-block-image size-large\"><img loading=\"lazy\" decoding=\"async\" width=\"1024\" height=\"724\" src=\"https:\/\/api-lux.be\/wp-content\/uploads\/2025\/02\/Violet-Beige-Illustre-Calendrier-taches-menageres--1024x724.jpg\" alt=\"\" class=\"wp-image-1700\" srcset=\"https:\/\/api-lux.be\/wp-content\/uploads\/2025\/02\/Violet-Beige-Illustre-Calendrier-taches-menageres--1024x724.jpg 1024w, https:\/\/api-lux.be\/wp-content\/uploads\/2025\/02\/Violet-Beige-Illustre-Calendrier-taches-menageres--300x212.jpg 300w, https:\/\/api-lux.be\/wp-content\/uploads\/2025\/02\/Violet-Beige-Illustre-Calendrier-taches-menageres--768x543.jpg 768w, https:\/\/api-lux.be\/wp-content\/uploads\/2025\/02\/Violet-Beige-Illustre-Calendrier-taches-menageres--1536x1086.jpg 1536w, https:\/\/api-lux.be\/wp-content\/uploads\/2025\/02\/Violet-Beige-Illustre-Calendrier-taches-menageres-.jpg 2000w\" sizes=\"auto, (max-width: 1024px) 100vw, 1024px\" \/><figcaption class=\"wp-element-caption\">Planning en famille<\/figcaption><\/figure>\n<\/div>\n<\/div>\n\n\n\n<p><\/p>\n","protected":false},"excerpt":{"rendered":"<p>Bien que porteurs d&rsquo;une d\u00e9ficience, les enfants peuvent participer aux t\u00e2ches m\u00e9nag\u00e8res de la maison.<\/p>\n","protected":false},"author":6,"featured_media":0,"comment_status":"closed","ping_status":"closed","sticky":false,"template":"","format":"standard","meta":{"iawp_total_views":5,"footnotes":""},"categories":[24,28,4,22,27,18,9,12,46,48,47,20,11,21],"tags":[],"class_list":["post-1492","post","type-post","status-publish","format-standard","hentry","category-adaptation-des-apprentissages","category-autonomie-et-responsabilisation","category-besoins","category-besoins-cognitifs","category-besoins-daccomplissement","category-besoins-destime","category-besoins-de-securite","category-cadre-et-limites","category-fiches-outils","category-fiches-outils-pour-les-aidants-proches","category-fiches-outils-pour-les-professionnels","category-individualisation","category-rituels","category-valorisation-confiance"],"_links":{"self":[{"href":"https:\/\/api-lux.be\/index.php\/wp-json\/wp\/v2\/posts\/1492","targetHints":{"allow":["GET"]}}],"collection":[{"href":"https:\/\/api-lux.be\/index.php\/wp-json\/wp\/v2\/posts"}],"about":[{"href":"https:\/\/api-lux.be\/index.php\/wp-json\/wp\/v2\/types\/post"}],"author":[{"embeddable":true,"href":"https:\/\/api-lux.be\/index.php\/wp-json\/wp\/v2\/users\/6"}],"replies":[{"embeddable":true,"href":"https:\/\/api-lux.be\/index.php\/wp-json\/wp\/v2\/comments?post=1492"}],"version-history":[{"count":8,"href":"https:\/\/api-lux.be\/index.php\/wp-json\/wp\/v2\/posts\/1492\/revisions"}],"predecessor-version":[{"id":7692,"href":"https:\/\/api-lux.be\/index.php\/wp-json\/wp\/v2\/posts\/1492\/revisions\/7692"}],"wp:attachment":[{"href":"https:\/\/api-lux.be\/index.php\/wp-json\/wp\/v2\/media?parent=1492"}],"wp:term":[{"taxonomy":"category","embeddable":true,"href":"https:\/\/api-lux.be\/index.php\/wp-json\/wp\/v2\/categories?post=1492"},{"taxonomy":"post_tag","embeddable":true,"href":"https:\/\/api-lux.be\/index.php\/wp-json\/wp\/v2\/tags?post=1492"}],"curies":[{"name":"wp","href":"https:\/\/api.w.org\/{rel}","templated":true}]}}