{"id":1328,"date":"2025-03-13T13:15:00","date_gmt":"2025-03-13T12:15:00","guid":{"rendered":"https:\/\/api-lux.be\/?p=1328"},"modified":"2025-07-01T13:23:17","modified_gmt":"2025-07-01T11:23:17","slug":"feux-de-circulation-emotionnelle","status":"publish","type":"post","link":"https:\/\/api-lux.be\/index.php\/2025\/03\/13\/feux-de-circulation-emotionnelle\/","title":{"rendered":"Feux de circulation \u00e9motionnels"},"content":{"rendered":"\n<div class=\"wp-block-columns is-layout-flex wp-container-core-columns-is-layout-9d6595d7 wp-block-columns-is-layout-flex\">\n<div class=\"wp-block-column is-vertically-aligned-center is-layout-flow wp-block-column-is-layout-flow\"><div class=\"wp-block-image\">\n<figure class=\"aligncenter size-full is-resized\"><img loading=\"lazy\" decoding=\"async\" width=\"300\" height=\"218\" src=\"https:\/\/api-lux.be\/wp-content\/uploads\/2025\/02\/enfant-feu-tricolore-300x218-1.png\" alt=\"\" class=\"wp-image-1336\" style=\"width:334px;height:auto\"\/><\/figure>\n<\/div><\/div>\n\n\n\n<div class=\"wp-block-column is-layout-flow wp-block-column-is-layout-flow\">\n<p>\ud83d\ude0c <strong>GESTION DES \u00c9MOTIONS<\/strong> &#8211; La technique des feux de circulation \u00e9motionnelle est une m\u00e9thode visuelle et ludique permettant aux enfants de r\u00e9guler leurs \u00e9motions et comportements en s&rsquo;appuyant sur un syst\u00e8me de couleurs (rouge, orange, vert).<\/p>\n\n\n\n<!--more-->\n\n\n\n<h2 class=\"wp-block-heading\">\u00c2ge cible<\/h2>\n\n\n\n<p>De 5 \u00e0 14 ans.<\/p>\n<\/div>\n<\/div>\n\n\n\n<h2 class=\"wp-block-heading\">Descriptif de l&rsquo;outil<\/h2>\n\n\n\n<p>\ud83d\udea6 Le concept des <strong>\u00ab\u00a0feux de circulation \u00e9motionnels\u00a0\u00bb<\/strong> est une m\u00e9thode g\u00e9niale pour aider les enfants \u00e0 g\u00e9rer leurs \u00e9motions ! Il cr\u00e9e un rep\u00e8re visuel simple qui leur permet de mieux comprendre leurs \u00e9motions et de r\u00e9agir de mani\u00e8re appropri\u00e9e. Chaque couleur repr\u00e9sente un \u00e9tat \u00e9motionnel sp\u00e9cifique, et les actions associ\u00e9es aident l\u2019enfant \u00e0 d\u00e9velopper des comp\u00e9tences d&rsquo;auto-r\u00e9gulation. \ud83e\udde0<\/p>\n\n\n\n<p>Voici un r\u00e9sum\u00e9 plus d\u00e9taill\u00e9 de chaque couleur et de ses actions :<\/p>\n\n\n\n<ul class=\"wp-block-list\">\n<li><strong>\ud83d\udfe2 Vert<\/strong> : Quand l&rsquo;enfant est dans une situation \u00e9motionnelle stable, il peut agir calmement et prendre des d\u00e9cisions r\u00e9fl\u00e9chies. Il est pr\u00eat \u00e0 choisir des r\u00e9ponses constructives et adapt\u00e9es \u00e0 la situation.<\/li>\n\n\n\n<li><strong>\ud83d\udd34 Rouge<\/strong> : C\u2019est le signal que l\u2019\u00e9motion est intense et que l\u2019enfant doit s\u2019arr\u00eater pour prendre une pause. Il doit se calmer et reconna\u00eetre que son \u00e9motion est forte, avant d&rsquo;agir.<\/li>\n\n\n\n<li><strong>\ud83d\udfe0 Orange<\/strong> : Ce moment invite l\u2019enfant \u00e0 r\u00e9fl\u00e9chir \u00e0 ce qui a caus\u00e9 l\u2019\u00e9motion. Il s&rsquo;agit de prendre un moment pour analyser la situation et comprendre ce qui s&rsquo;est pass\u00e9 avant de prendre une d\u00e9cision ou d&rsquo;agir. \ud83d\udcad<\/li>\n<\/ul>\n\n\n\n<p>Cela peut \u00eatre particuli\u00e8rement utile pour les enfants qui ont des difficult\u00e9s \u00e0 comprendre ou \u00e0 g\u00e9rer leurs \u00e9motions, en leur fournissant un cadre clair et des outils pour y faire face.<\/p>\n\n\n\n<div class=\"wp-block-columns is-layout-flex wp-container-core-columns-is-layout-9d6595d7 wp-block-columns-is-layout-flex\">\n<div class=\"wp-block-column is-layout-flow wp-block-column-is-layout-flow\">\n<h2 class=\"wp-block-heading\">Objectif(s) d&rsquo;utilisation<\/h2>\n\n\n\n<p>\ud83e\udde0 <strong>Renforcer l&rsquo;autonomie<\/strong> : Aide les enfants \u00e0 mieux g\u00e9rer leurs \u00e9motions de mani\u00e8re autonome.<\/p>\n\n\n\n<p>\ud83c\udfe0 <strong>Support adaptable<\/strong> : Utilisable aussi bien \u00e0 la maison qu&rsquo;en milieu scolaire, pour un apprentissage continu.<\/p>\n\n\n\n<p>\ud83e\udd1d <strong>Cr\u00e9er un langage commun<\/strong> : Permet aux adultes et aux enfants d&rsquo;aborder les \u00e9motions de fa\u00e7on sereine et partag\u00e9e.<\/p>\n\n\n\n<p>\ud83d\udfe2 <strong>Reconna\u00eetre les \u00e9motions<\/strong> : Les enfants identifient plus facilement leur \u00e9tat \u00e9motionnel gr\u00e2ce aux couleurs.<\/p>\n\n\n\n<p>\ud83e\udde0 <strong>Favoriser l&rsquo;auto-r\u00e9gulation<\/strong> : L&rsquo;outil aide l&rsquo;enfant \u00e0 prendre du recul et agir de mani\u00e8re appropri\u00e9e.<\/p>\n\n\n\n<p>\u23f8\ufe0f <strong>Diff\u00e9rer l\u2019action<\/strong> : Le rouge et l&rsquo;orange rappellent \u00e0 l\u2019enfant de r\u00e9fl\u00e9chir avant d&rsquo;agir.<\/p>\n\n\n\n<p>\ud83e\udd14 <strong>Encourager la r\u00e9flexion<\/strong> : L&rsquo;orange invite \u00e0 analyser la cause de l\u2019\u00e9motion avant de r\u00e9agir.<\/p>\n\n\n\n<p>\ud83e\udd1d <strong>D\u00e9velopper des comp\u00e9tences sociales<\/strong> : Il aide \u00e0 mieux g\u00e9rer les \u00e9motions et \u00e0 interagir de mani\u00e8re positive.<\/p>\n\n\n\n<p>\ud83d\udea6 <strong>Offrir un cadre structur\u00e9<\/strong> : Un rep\u00e8re visuel simple guide les enfants pour prendre des d\u00e9cisions r\u00e9fl\u00e9chies.<\/p>\n<\/div>\n\n\n\n<div class=\"wp-block-column is-layout-flow wp-block-column-is-layout-flow\">\n<h2 class=\"wp-block-heading\">Variantes &#8211; am\u00e9nagements<\/h2>\n\n\n\n<p>\ud83d\ude42 <strong>Pictogrammes \u00e9motionnels<\/strong> : Associer chaque couleur \u00e0 un visage exprimant une \u00e9motion (col\u00e8re, r\u00e9flexion, calme).<\/p>\n\n\n\n<p>\ud83d\udd34\ud83d\udfe0\ud83d\udfe2 <strong>Feu de circulation mobile<\/strong> : Utiliser un disque ou un curseur que l&rsquo;enfant peut manipuler pour indiquer son \u00e9tat \u00e9motionnel.<\/p>\n\n\n\n<p>\ud83d\udc65 <strong>Int\u00e9gration en classe<\/strong> : Utiliser un feu de circulation collectif pour r\u00e9guler le climat de groupe pendant les activit\u00e9s.<\/p>\n\n\n\n<p>\ud83d\udcc8 <strong>Les r\u00e9ussites \u00e9motionnelles<\/strong> : Cr\u00e9er une montagne \u00e0 gravir o\u00f9 chaque \u00e9tape repr\u00e9sente une r\u00e9ussite \u00e9motionnelle, l&rsquo;enfant d\u00e9place sa photo vers le sommet \u00e0 chaque succ\u00e8s OU utiliser un v\u00e9ritable feu tricolore en carton pour symboliser chaque \u00e9tape : rouge pour s&rsquo;arr\u00eater, orange pour r\u00e9fl\u00e9chir, vert pour agir.<\/p>\n\n\n\n<h2 class=\"wp-block-heading\">Liens utiles<\/h2>\n\n\n\n<p>\ud83e\udded<strong> GUIDE DE MISE EN OEUVRE<\/strong> &#8211; site internet kiddus: \u00a0\u00bb <a href=\"https:\/\/kiddus.com\/fr\/blogs\/blog\/emotional-traffic-light-technique-complete-guide?srsltid=AfmBOop2Si02i-9COlMnfah0IOookz_ur6v-gUdSr-gEkVrJ9_Sb0bPQ\" target=\"_blank\" rel=\"noreferrer noopener\">Technique des feux de circulation \u00e9motionnels\u00a0: Guide complet 2024<\/a>\u00ab\u00a0<\/p>\n<\/div>\n<\/div>\n\n\n\n<p>Des outils \u00e0 nous partager ? <a href=\"https:\/\/api-lux.be\/index.php\/contact\/\">Cliquez ici<\/a><\/p>\n","protected":false},"excerpt":{"rendered":"<p>\ud83d\ude0c GESTION DES \u00c9MOTIONS &#8211; La technique des feux de circulation \u00e9motionnelle est une m\u00e9thode visuelle et ludique permettant aux enfants de r\u00e9guler leurs \u00e9motions et comportements en s&rsquo;appuyant sur [&hellip;]<\/p>\n","protected":false},"author":2,"featured_media":0,"comment_status":"closed","ping_status":"closed","sticky":false,"template":"","format":"standard","meta":{"iawp_total_views":240,"footnotes":""},"categories":[28,4,22,27,18,9,12,23,46,48,47,19,21],"tags":[],"class_list":["post-1328","post","type-post","status-publish","format-standard","hentry","category-autonomie-et-responsabilisation","category-besoins","category-besoins-cognitifs","category-besoins-daccomplissement","category-besoins-destime","category-besoins-de-securite","category-cadre-et-limites","category-communication","category-fiches-outils","category-fiches-outils-pour-les-aidants-proches","category-fiches-outils-pour-les-professionnels","category-gestion-des-emotions","category-valorisation-confiance"],"_links":{"self":[{"href":"https:\/\/api-lux.be\/index.php\/wp-json\/wp\/v2\/posts\/1328","targetHints":{"allow":["GET"]}}],"collection":[{"href":"https:\/\/api-lux.be\/index.php\/wp-json\/wp\/v2\/posts"}],"about":[{"href":"https:\/\/api-lux.be\/index.php\/wp-json\/wp\/v2\/types\/post"}],"author":[{"embeddable":true,"href":"https:\/\/api-lux.be\/index.php\/wp-json\/wp\/v2\/users\/2"}],"replies":[{"embeddable":true,"href":"https:\/\/api-lux.be\/index.php\/wp-json\/wp\/v2\/comments?post=1328"}],"version-history":[{"count":8,"href":"https:\/\/api-lux.be\/index.php\/wp-json\/wp\/v2\/posts\/1328\/revisions"}],"predecessor-version":[{"id":7658,"href":"https:\/\/api-lux.be\/index.php\/wp-json\/wp\/v2\/posts\/1328\/revisions\/7658"}],"wp:attachment":[{"href":"https:\/\/api-lux.be\/index.php\/wp-json\/wp\/v2\/media?parent=1328"}],"wp:term":[{"taxonomy":"category","embeddable":true,"href":"https:\/\/api-lux.be\/index.php\/wp-json\/wp\/v2\/categories?post=1328"},{"taxonomy":"post_tag","embeddable":true,"href":"https:\/\/api-lux.be\/index.php\/wp-json\/wp\/v2\/tags?post=1328"}],"curies":[{"name":"wp","href":"https:\/\/api.w.org\/{rel}","templated":true}]}}