{"id":1033,"date":"2025-02-20T11:51:38","date_gmt":"2025-02-20T10:51:38","guid":{"rendered":"https:\/\/api-lux.be\/?p=1033"},"modified":"2025-07-01T13:36:45","modified_gmt":"2025-07-01T11:36:45","slug":"place-de-loutil","status":"publish","type":"post","link":"https:\/\/api-lux.be\/index.php\/2025\/02\/20\/place-de-loutil\/","title":{"rendered":"Place de l&rsquo;outil"},"content":{"rendered":"<div class=\"wp-block-image\">\n<figure class=\"aligncenter is-resized\"><img decoding=\"async\" src=\"https:\/\/lh7-rt.googleusercontent.com\/docsz\/AD_4nXcufZ18vZlHSURrbCiMP5W2uurScyI5uQxzF-Imq96yJYIt4FCyC-e-yEsaPS267ulnSlMSsQvF7F7yPnIrXqbPLAw9z767DFol7EU1Q843HldVs87sbEK7C5Tc3oisQxtjfT5Obw?key=A0EhKJbTE-q13_aphRsVuqRv\" alt=\"\" style=\"width:377px;height:auto\"\/><\/figure>\n<\/div>\n\n\n<p>\u00c0 vos agendas ! Place de l\u2019Outil revient le jeudi 5 juin prochain. Une journ\u00e9e d\u00e9couverte d\u2019outils et de bonnes pratiques en sant\u00e9 mentale et en assu\u00e9tudes \u00e0 destination des professionnels.<\/p>\n\n\n\n<p>Une organisation conjointe du CLPS et des R\u00e9seaux Matilda, CLA et ProxiR\u00e9Lux<\/p>\n\n\n\n<p>Plus d&rsquo;infos <a href=\"https:\/\/matilda-lux.be\/place-de-loutil-la-decouverte-doutils-au-profit-dune-bonne-sante-mentale\/\" target=\"_blank\" rel=\"noreferrer noopener\">https:\/\/matilda-lux.be\/place-de-loutil-la-decouverte&#8230;\/<\/a><\/p>\n","protected":false},"excerpt":{"rendered":"<p>\u00c0 vos agendas ! Place de l\u2019Outil revient le jeudi 5 juin prochain. Une journ\u00e9e d\u00e9couverte d\u2019outils et de bonnes pratiques en sant\u00e9 mentale et en assu\u00e9tudes \u00e0 destination des [&hellip;]<\/p>\n","protected":false},"author":5,"featured_media":0,"comment_status":"closed","ping_status":"closed","sticky":false,"template":"","format":"standard","meta":{"iawp_total_views":3,"footnotes":""},"categories":[32],"tags":[],"class_list":["post-1033","post","type-post","status-publish","format-standard","hentry","category-actualites"],"_links":{"self":[{"href":"https:\/\/api-lux.be\/index.php\/wp-json\/wp\/v2\/posts\/1033","targetHints":{"allow":["GET"]}}],"collection":[{"href":"https:\/\/api-lux.be\/index.php\/wp-json\/wp\/v2\/posts"}],"about":[{"href":"https:\/\/api-lux.be\/index.php\/wp-json\/wp\/v2\/types\/post"}],"author":[{"embeddable":true,"href":"https:\/\/api-lux.be\/index.php\/wp-json\/wp\/v2\/users\/5"}],"replies":[{"embeddable":true,"href":"https:\/\/api-lux.be\/index.php\/wp-json\/wp\/v2\/comments?post=1033"}],"version-history":[{"count":3,"href":"https:\/\/api-lux.be\/index.php\/wp-json\/wp\/v2\/posts\/1033\/revisions"}],"predecessor-version":[{"id":7694,"href":"https:\/\/api-lux.be\/index.php\/wp-json\/wp\/v2\/posts\/1033\/revisions\/7694"}],"wp:attachment":[{"href":"https:\/\/api-lux.be\/index.php\/wp-json\/wp\/v2\/media?parent=1033"}],"wp:term":[{"taxonomy":"category","embeddable":true,"href":"https:\/\/api-lux.be\/index.php\/wp-json\/wp\/v2\/categories?post=1033"},{"taxonomy":"post_tag","embeddable":true,"href":"https:\/\/api-lux.be\/index.php\/wp-json\/wp\/v2\/tags?post=1033"}],"curies":[{"name":"wp","href":"https:\/\/api.w.org\/{rel}","templated":true}]}}