{"id":1031,"date":"2025-02-20T11:47:21","date_gmt":"2025-02-20T10:47:21","guid":{"rendered":"https:\/\/api-lux.be\/?p=1031"},"modified":"2025-07-01T13:36:58","modified_gmt":"2025-07-01T11:36:58","slug":"formation-la-sante-mentale-des-ados-des-cles-pour-comprendre-et-agir-a-lecole","status":"publish","type":"post","link":"https:\/\/api-lux.be\/index.php\/2025\/02\/20\/formation-la-sante-mentale-des-ados-des-cles-pour-comprendre-et-agir-a-lecole\/","title":{"rendered":"Formation \u00ab La sant\u00e9 mentale des ados : des cl\u00e9s pour comprendre et agir \u00e0 l\u2019\u00e9cole \u00bb"},"content":{"rendered":"\n<p>Depuis plusieurs ann\u00e9es, le Centre de R\u00e9f\u00e9rence en Sant\u00e9 Mentale (CR\u00e9SaM asbl) a r\u00e9alis\u00e9 diff\u00e9rents travaux sur la sant\u00e9 mentale des jeunes. Au fil des projets, des jeunes ont \u00e9t\u00e9 rencontr\u00e9s et des acteurs de choix dans la vie et le parcours scolaire de ces derniers ont \u00e9t\u00e9 interview\u00e9s. Un constat important est qu\u2019ils se sentent bien souvent d\u00e9munis face \u00e0 un \u00e9l\u00e8ve en difficult\u00e9 sur le plan de la sant\u00e9 mentale. Incompr\u00e9hension et impuissance sont souvent les ma\u00eetres-mots. Une recommandation majeure maintes fois formul\u00e9e est celle d\u2019apporter une meilleure compr\u00e9hension et une meilleure connaissance de la sant\u00e9 mentale.<\/p>\n\n\n\n<p>Le CR\u00e9SaM souhaite apporter sa pierre \u00e0 l\u2019\u00e9difice et passe \u00e0 l\u2019action en proposant des espaces de formation aux professionnels de l\u2019enseignement\u202f:<br>\u2666 Une formation sur inscription individuelle (2 jours &#8211; 25 et 26 mai 2025) <em><br><\/em>\u2666 Une formation d\u2019\u00e9quipe \u00ab sur site \u00bbPlus d\u2019informations: <a href=\"https:\/\/www.cresam.be\/ecole-et-sante-mentale\/\" target=\"_blank\" rel=\"noreferrer noopener\">https:\/\/www.cresam.be\/ecole-et-sante-mentale\/<\/a><\/p>\n\n\n<div class=\"wp-block-image\">\n<figure class=\"aligncenter is-resized\"><img decoding=\"async\" src=\"https:\/\/lh7-rt.googleusercontent.com\/docsz\/AD_4nXelpo00LV2xNrN609L-FgaX2-eqFobYnQDkFKWpkDMY8rhfBCcPDqLo1ZCgMmKqRogcTcus-IgOhVarE1GlDimXIgcFJw5snyTA6e2sCu6SsaA22dkugFqVcZH6rwi3bmnwek5zmw?key=A0EhKJbTE-q13_aphRsVuqRv\" alt=\"\" style=\"width:458px;height:auto\"\/><\/figure>\n<\/div>","protected":false},"excerpt":{"rendered":"<p>Depuis plusieurs ann\u00e9es, le Centre de R\u00e9f\u00e9rence en Sant\u00e9 Mentale (CR\u00e9SaM asbl) a r\u00e9alis\u00e9 diff\u00e9rents travaux sur la sant\u00e9 mentale des jeunes. Au fil des projets, des jeunes ont \u00e9t\u00e9 [&hellip;]<\/p>\n","protected":false},"author":1,"featured_media":0,"comment_status":"closed","ping_status":"closed","sticky":false,"template":"","format":"standard","meta":{"iawp_total_views":11,"footnotes":""},"categories":[32,31],"tags":[],"class_list":["post-1031","post","type-post","status-publish","format-standard","hentry","category-actualites","category-informations-et-communication"],"_links":{"self":[{"href":"https:\/\/api-lux.be\/index.php\/wp-json\/wp\/v2\/posts\/1031","targetHints":{"allow":["GET"]}}],"collection":[{"href":"https:\/\/api-lux.be\/index.php\/wp-json\/wp\/v2\/posts"}],"about":[{"href":"https:\/\/api-lux.be\/index.php\/wp-json\/wp\/v2\/types\/post"}],"author":[{"embeddable":true,"href":"https:\/\/api-lux.be\/index.php\/wp-json\/wp\/v2\/users\/1"}],"replies":[{"embeddable":true,"href":"https:\/\/api-lux.be\/index.php\/wp-json\/wp\/v2\/comments?post=1031"}],"version-history":[{"count":8,"href":"https:\/\/api-lux.be\/index.php\/wp-json\/wp\/v2\/posts\/1031\/revisions"}],"predecessor-version":[{"id":7695,"href":"https:\/\/api-lux.be\/index.php\/wp-json\/wp\/v2\/posts\/1031\/revisions\/7695"}],"wp:attachment":[{"href":"https:\/\/api-lux.be\/index.php\/wp-json\/wp\/v2\/media?parent=1031"}],"wp:term":[{"taxonomy":"category","embeddable":true,"href":"https:\/\/api-lux.be\/index.php\/wp-json\/wp\/v2\/categories?post=1031"},{"taxonomy":"post_tag","embeddable":true,"href":"https:\/\/api-lux.be\/index.php\/wp-json\/wp\/v2\/tags?post=1031"}],"curies":[{"name":"wp","href":"https:\/\/api.w.org\/{rel}","templated":true}]}}